{"id":26452,"date":"2025-06-06T19:00:14","date_gmt":"2025-06-06T19:00:14","guid":{"rendered":"https:\/\/www.lodelmomentoloja.com\/?p=26452"},"modified":"2025-06-07T00:44:54","modified_gmt":"2025-06-07T00:44:54","slug":"asambleista-juan-andres-gonzalez-fortalece-dialogo-con-juntas-parroquiales-de-loja","status":"publish","type":"post","link":"https:\/\/www.lodelmomentoloja.com\/?p=26452","title":{"rendered":"Asamble\u00edsta Juan Andr\u00e9s Gonz\u00e1lez fortalece di\u00e1logo con juntas parroquiales de Loja"},"content":{"rendered":"<p>El asamble\u00edsta por la provincia de Loja, Juan Andr\u00e9s Gonz\u00e1lez Alvear, sostuvo un encuentro clave con los presidentes de las juntas parroquiales de la provincia, reafirmando su compromiso con el desarrollo integral de las 78 parroquias lojanas.<\/p>\n<p>Durante la reuni\u00f3n, el legislador demostr\u00f3 una\u00a0actitud abierta y receptiva, Escuchando atentamente las necesidades y propuestas de los representantes parroquiales. Gonz\u00e1lez, destac\u00f3 su\u00a0preocupaci\u00f3n por la situaci\u00f3n\u00a0de cada sector, enfatizando la importancia de trabajar de manera coordinada para impulsar proyectos de ley que beneficien a la Provincia de Loja.<\/p>\n<p>&#8220;Nuestra prioridad es atender las demandas de las parroquias, que son el coraz\u00f3n de la provincia. Este di\u00e1logo directo nos permite identificar soluciones concretas para la creaci\u00f3n de leyes y reformas de ley desde la Asamblea Nacional&#8221;, afirm\u00f3 el asamble\u00edsta.<\/p>\n<p>Por su parte, los presidentes de las juntas parroquiales agradecieron la disposici\u00f3n y el compromiso de Gonz\u00e1lez, resaltando su liderazgo cercano y su voluntad pol\u00edtica para articular esfuerzos en beneficio de los lojanos.<\/p>\n<p>&#8220;Agradecemos la apertura del asamble\u00edsta para escuchar a los gobiernos parroquiales y su inter\u00e9s de legislar junto a nosotros. Confiamos en que seguir\u00e1 siendo un aliado para nuestra provincia de Loja&#8221;, expres\u00f3 Vitelio R\u00edos, Presidente del GAD Parroquial El Arenal.<\/p>\n<p>Con este encuentro, el Asamble\u00edsta Juan Andr\u00e9s Gonz\u00e1lez, reafirma su compromiso de trabajar incansable por fortalecer la participaci\u00f3n ciudadana y la legislaci\u00f3n en beneficio de Loja.<\/p>\n<p>\ud83c\udf10\u2705 S\u00edguenos en nuestra p\u00e1gina verificada: https:\/\/www.facebook.com\/lodelmomentolojaEC<\/p>\n<p>www.lodelmomentoloja.com<br \/>\n#LDMnoticias #lodelmomentolojaLDM<\/p>\n","protected":false},"excerpt":{"rendered":"<p>El asamble\u00edsta por la provincia de Loja, Juan Andr\u00e9s Gonz\u00e1lez Alvear, sostuvo un encuentro clave&#8230;<\/p>\n","protected":false},"author":1,"featured_media":26453,"comment_status":"open","ping_status":"open","sticky":false,"template":"","format":"standard","meta":{"footnotes":""},"categories":[7,1,5],"tags":[],"class_list":["post-26452","post","type-post","status-publish","format-standard","has-post-thumbnail","hentry","category-ecuador","category-inicio","category-loja"],"_links":{"self":[{"href":"https:\/\/www.lodelmomentoloja.com\/index.php?rest_route=\/wp\/v2\/posts\/26452"}],"collection":[{"href":"https:\/\/www.lodelmomentoloja.com\/index.php?rest_route=\/wp\/v2\/posts"}],"about":[{"href":"https:\/\/www.lodelmomentoloja.com\/index.php?rest_route=\/wp\/v2\/types\/post"}],"author":[{"embeddable":true,"href":"https:\/\/www.lodelmomentoloja.com\/index.php?rest_route=\/wp\/v2\/users\/1"}],"replies":[{"embeddable":true,"href":"https:\/\/www.lodelmomentoloja.com\/index.php?rest_route=%2Fwp%2Fv2%2Fcomments&post=26452"}],"version-history":[{"count":1,"href":"https:\/\/www.lodelmomentoloja.com\/index.php?rest_route=\/wp\/v2\/posts\/26452\/revisions"}],"predecessor-version":[{"id":26454,"href":"https:\/\/www.lodelmomentoloja.com\/index.php?rest_route=\/wp\/v2\/posts\/26452\/revisions\/26454"}],"wp:featuredmedia":[{"embeddable":true,"href":"https:\/\/www.lodelmomentoloja.com\/index.php?rest_route=\/wp\/v2\/media\/26453"}],"wp:attachment":[{"href":"https:\/\/www.lodelmomentoloja.com\/index.php?rest_route=%2Fwp%2Fv2%2Fmedia&parent=26452"}],"wp:term":[{"taxonomy":"category","embeddable":true,"href":"https:\/\/www.lodelmomentoloja.com\/index.php?rest_route=%2Fwp%2Fv2%2Fcategories&post=26452"},{"taxonomy":"post_tag","embeddable":true,"href":"https:\/\/www.lodelmomentoloja.com\/index.php?rest_route=%2Fwp%2Fv2%2Ftags&post=26452"}],"curies":[{"name":"wp","href":"https:\/\/api.w.org\/{rel}","templated":true}]}}