{"id":26447,"date":"2025-06-06T12:55:30","date_gmt":"2025-06-06T12:55:30","guid":{"rendered":"https:\/\/www.lodelmomentoloja.com\/?p=26447"},"modified":"2025-06-06T18:04:02","modified_gmt":"2025-06-06T18:04:02","slug":"transportistas-solicitan-el-arreglo-urgente-de-las-vias-en-loja","status":"publish","type":"post","link":"https:\/\/www.lodelmomentoloja.com\/?p=26447","title":{"rendered":"Transportistas solicitan el arreglo urgente de las v\u00edas en Loja"},"content":{"rendered":"<p>El transporte lojano es uno de los sectores que sufre las consecuencias por los constantes da\u00f1os registrados en la vialidad de la provincia de Loja, por lo que, a trav\u00e9s de un manifiesto p\u00fablico, la Uni\u00f3n Lojana de Cooperativas de Transporte Interprovincial e Intercantonal de Pasajeros (Ultiip), solicit\u00f3 a las autoridades actuar de manera emergente en las v\u00edas, especialmente, en el tramo E35 Loja \u2013 Malacatos, sector Nangora y el tramo E50 Velacruz \u2013 Chaguarpamba \u2013 R\u00edo Pindo, puesto que, las p\u00e9rdidas econ\u00f3micas son incalculables.<\/p>\n<p>El documento se\u00f1ala que desde el pasado 07 de marzo la v\u00eda que conecta Loja y El Oro permanece cerrada por deslizamientos de tierra, afectando al transporte p\u00fablico debido a la suspensi\u00f3n de las rutas, sin embargo, a fin de no afectar a la ciudadan\u00eda se han dispuesto frecuencias alternas, pero con algunas modificaciones, tarifas de pasajes un poco m\u00e1s elevadas, situaci\u00f3n que ha reducido el n\u00famero de pasajeros debido.<\/p>\n<p>Algo similar, ocurre en el sector Nangora donde los trabajos llevan m\u00e1s de un mes, pero las autoridades han se\u00f1alado que los trabajos tomar\u00e1n m\u00e1s tiempo. \u201cEn este sector han existido un sin n\u00famero de inconvenientes con los veh\u00edculos de transporte p\u00fablico y privado que han sufrido da\u00f1os por la ca\u00edda de material rocoso\u201d, se\u00f1ala parte del comunicado.<\/p>\n<p>La Uni\u00f3n de Transportistas se\u00f1ala que estos acontecimientos perjudican su labor diaria y que las autoridades estar\u00edan infringiendo el art. 314 de la Constituci\u00f3n de la Rep\u00fablica el cual dispone que el Estado ser\u00e1 responsable de la provisi\u00f3n de servicios p\u00fablicos, entre ellos, la vialidad.<\/p>\n<p>En ese sentido, Marco Ochoa, gerente de Ultiip solicit\u00f3 a la Gobernadora de Loja, Alexandra Jara disponer al Ministerio de Transporte y Obras P\u00fablicas (MTOP) la intervenci\u00f3n m\u00e1s afectiva, puesto que, los trabajos avanzan lento y los resultados no son los esperados, caso contrario, tomar\u00e1n medidas m\u00e1s severas.<\/p>\n<p>&nbsp;<\/p>\n<p><img loading=\"lazy\" decoding=\"async\" class=\"alignnone size-medium wp-image-26449\" src=\"http:\/\/www.lodelmomentoloja.com\/wp-content\/uploads\/2025\/06\/IMG-20250606-WA0068-215x300.jpg\" alt=\"\" width=\"215\" height=\"300\" srcset=\"https:\/\/www.lodelmomentoloja.com\/wp-content\/uploads\/2025\/06\/IMG-20250606-WA0068-215x300.jpg 215w, https:\/\/www.lodelmomentoloja.com\/wp-content\/uploads\/2025\/06\/IMG-20250606-WA0068-735x1024.jpg 735w, https:\/\/www.lodelmomentoloja.com\/wp-content\/uploads\/2025\/06\/IMG-20250606-WA0068-768x1069.jpg 768w, https:\/\/www.lodelmomentoloja.com\/wp-content\/uploads\/2025\/06\/IMG-20250606-WA0068-640x891.jpg 640w, https:\/\/www.lodelmomentoloja.com\/wp-content\/uploads\/2025\/06\/IMG-20250606-WA0068-1103x1536.jpg 1103w, https:\/\/www.lodelmomentoloja.com\/wp-content\/uploads\/2025\/06\/IMG-20250606-WA0068-1024x1426.jpg 1024w, https:\/\/www.lodelmomentoloja.com\/wp-content\/uploads\/2025\/06\/IMG-20250606-WA0068.jpg 1149w\" sizes=\"(max-width: 215px) 100vw, 215px\" \/><\/p>\n<p>Una solicitud que ha sido respaldada por varias Cooperativas de Transporte como Loja, Uni\u00f3n Cariamanga, Nambija, Catamayo Express, Vicabambaturis, Sur Oriente, entre otras que se han visto afectadas por las actuales condiciones de las v\u00edas de la provincia de Loja.<\/p>\n<p>\ud83c\udf10\u2705 S\u00edguenos en nuestra p\u00e1gina verificada: https:\/\/www.facebook.com\/lodelmomentolojaEC<\/p>\n<p>www.lodelmomentoloja.com<br \/>\n#LDMnoticias #lodelmomentolojaLDM<\/p>\n","protected":false},"excerpt":{"rendered":"<p>El transporte lojano es uno de los sectores que sufre las consecuencias por los constantes&#8230;<\/p>\n","protected":false},"author":1,"featured_media":26448,"comment_status":"open","ping_status":"open","sticky":false,"template":"","format":"standard","meta":{"footnotes":""},"categories":[7,1,5],"tags":[],"class_list":["post-26447","post","type-post","status-publish","format-standard","has-post-thumbnail","hentry","category-ecuador","category-inicio","category-loja"],"_links":{"self":[{"href":"https:\/\/www.lodelmomentoloja.com\/index.php?rest_route=\/wp\/v2\/posts\/26447"}],"collection":[{"href":"https:\/\/www.lodelmomentoloja.com\/index.php?rest_route=\/wp\/v2\/posts"}],"about":[{"href":"https:\/\/www.lodelmomentoloja.com\/index.php?rest_route=\/wp\/v2\/types\/post"}],"author":[{"embeddable":true,"href":"https:\/\/www.lodelmomentoloja.com\/index.php?rest_route=\/wp\/v2\/users\/1"}],"replies":[{"embeddable":true,"href":"https:\/\/www.lodelmomentoloja.com\/index.php?rest_route=%2Fwp%2Fv2%2Fcomments&post=26447"}],"version-history":[{"count":1,"href":"https:\/\/www.lodelmomentoloja.com\/index.php?rest_route=\/wp\/v2\/posts\/26447\/revisions"}],"predecessor-version":[{"id":26450,"href":"https:\/\/www.lodelmomentoloja.com\/index.php?rest_route=\/wp\/v2\/posts\/26447\/revisions\/26450"}],"wp:featuredmedia":[{"embeddable":true,"href":"https:\/\/www.lodelmomentoloja.com\/index.php?rest_route=\/wp\/v2\/media\/26448"}],"wp:attachment":[{"href":"https:\/\/www.lodelmomentoloja.com\/index.php?rest_route=%2Fwp%2Fv2%2Fmedia&parent=26447"}],"wp:term":[{"taxonomy":"category","embeddable":true,"href":"https:\/\/www.lodelmomentoloja.com\/index.php?rest_route=%2Fwp%2Fv2%2Fcategories&post=26447"},{"taxonomy":"post_tag","embeddable":true,"href":"https:\/\/www.lodelmomentoloja.com\/index.php?rest_route=%2Fwp%2Fv2%2Ftags&post=26447"}],"curies":[{"name":"wp","href":"https:\/\/api.w.org\/{rel}","templated":true}]}}