{"id":26439,"date":"2025-06-06T10:04:29","date_gmt":"2025-06-06T10:04:29","guid":{"rendered":"https:\/\/www.lodelmomentoloja.com\/?p=26439"},"modified":"2025-06-06T17:09:24","modified_gmt":"2025-06-06T17:09:24","slug":"26439","status":"publish","type":"post","link":"https:\/\/www.lodelmomentoloja.com\/?p=26439","title":{"rendered":"Presidente Noboa declara como prioridad nacional la prevenci\u00f3n y uso de menores por grupos d3lincv3nc14l3s"},"content":{"rendered":"<p style=\"text-align: left;\">\ud83c\uddea\ud83c\udde8\ud83e\uddd0\ud83d\udde3\ufe0f \u00a1En defensa de los menores! Mediante Decreto Ejecutivo 21 emitido el jueves 05 de junio, el presidente Daniel Noboa declar\u00f3 como prioridad nacional la prevenci\u00f3n y erradicaci\u00f3n del reclutamiento, uso y utilizaci\u00f3n de ni\u00f1os, ni\u00f1as y adolescentes por grupos d3l1ncv3nc14les.<\/p>\n<p>El documento hace alusi\u00f3n al C\u00f3digo Org\u00e1nico Integral Penal (COIP) que estipula una pena privativa de libertad de 10 a 13 a\u00f1os, para la persona o personas responsables, con ocasi\u00f3n y en desarrollo de conflicto 4rm4d0, o independientemente de este, reclute o enliste a ni\u00f1as, ni\u00f1os o adolescentes en las fuerzas 4rm4d4s o grupos 4rm4d0s; o, los utilice para participar en el conflicto 4rm4d0.<\/p>\n<p>Seg\u00fan los registro oficiales, entre 2020 y 2024, m\u00e1s de 8 200 menores de edad fueron aprehendidos por las autoridades en Ecuador. Aunque no todos fueron aislados, las cifras de adolescentes privados de libertad han mostrado un incremento sostenido. En enero de 2023 se registraron 362 menores aislados; en enero de 2024 la cifra subi\u00f3 a 405; y en enero de 2025 alcanz\u00f3 los 459 casos.<\/p>\n<p>En el decreto Noboa crea el denominado Comit\u00e9 que ser\u00e1 encargado de formular, conocer, implementar y ejecutar pol\u00edticas p\u00fablicas, planes, programas, proyectos y estrategias para cumplir con lo dispuesto, misma que estar\u00e1 integrada por alrededor de 17 instituciones.<\/p>\n<p>Las instituciones del comit\u00e9 financiar\u00e1n los proyectos con sus recursos asignados o gestionados, mientras que el Ministerio de Econom\u00eda y Finanzas priorizar\u00e1 la asignaci\u00f3n presupuestaria para estas iniciativas. Adicional a ella, se establece que, dentro de tres meses se debe tener listo el instrumento jur\u00eddico para lograr el objetivo.<\/p>\n<p>\ud83c\udf10\u2705 S\u00edguenos en nuestra p\u00e1gina verificada: https:\/\/www.facebook.com\/lodelmomentolojaEC<\/p>\n<p>www.lodelmomentoloja.com<br \/>\n#LDMnoticias #lodelmomentolojaLDM<\/p>\n","protected":false},"excerpt":{"rendered":"<p>\ud83c\uddea\ud83c\udde8\ud83e\uddd0\ud83d\udde3\ufe0f \u00a1En defensa de los menores! Mediante Decreto Ejecutivo 21 emitido el jueves 05 de&#8230;<\/p>\n","protected":false},"author":1,"featured_media":26440,"comment_status":"open","ping_status":"open","sticky":false,"template":"","format":"standard","meta":{"footnotes":""},"categories":[7,1,5],"tags":[],"class_list":["post-26439","post","type-post","status-publish","format-standard","has-post-thumbnail","hentry","category-ecuador","category-inicio","category-loja"],"_links":{"self":[{"href":"https:\/\/www.lodelmomentoloja.com\/index.php?rest_route=\/wp\/v2\/posts\/26439"}],"collection":[{"href":"https:\/\/www.lodelmomentoloja.com\/index.php?rest_route=\/wp\/v2\/posts"}],"about":[{"href":"https:\/\/www.lodelmomentoloja.com\/index.php?rest_route=\/wp\/v2\/types\/post"}],"author":[{"embeddable":true,"href":"https:\/\/www.lodelmomentoloja.com\/index.php?rest_route=\/wp\/v2\/users\/1"}],"replies":[{"embeddable":true,"href":"https:\/\/www.lodelmomentoloja.com\/index.php?rest_route=%2Fwp%2Fv2%2Fcomments&post=26439"}],"version-history":[{"count":3,"href":"https:\/\/www.lodelmomentoloja.com\/index.php?rest_route=\/wp\/v2\/posts\/26439\/revisions"}],"predecessor-version":[{"id":26443,"href":"https:\/\/www.lodelmomentoloja.com\/index.php?rest_route=\/wp\/v2\/posts\/26439\/revisions\/26443"}],"wp:featuredmedia":[{"embeddable":true,"href":"https:\/\/www.lodelmomentoloja.com\/index.php?rest_route=\/wp\/v2\/media\/26440"}],"wp:attachment":[{"href":"https:\/\/www.lodelmomentoloja.com\/index.php?rest_route=%2Fwp%2Fv2%2Fmedia&parent=26439"}],"wp:term":[{"taxonomy":"category","embeddable":true,"href":"https:\/\/www.lodelmomentoloja.com\/index.php?rest_route=%2Fwp%2Fv2%2Fcategories&post=26439"},{"taxonomy":"post_tag","embeddable":true,"href":"https:\/\/www.lodelmomentoloja.com\/index.php?rest_route=%2Fwp%2Fv2%2Ftags&post=26439"}],"curies":[{"name":"wp","href":"https:\/\/api.w.org\/{rel}","templated":true}]}}