{"id":2643,"date":"2021-02-23T07:00:28","date_gmt":"2021-02-23T07:00:28","guid":{"rendered":"http:\/\/www.lodelmomentoloja.com\/?p=2643"},"modified":"2021-02-23T13:00:37","modified_gmt":"2021-02-23T13:00:37","slug":"tras-post-de-masterchef-critican-al-presidente-moreno","status":"publish","type":"post","link":"https:\/\/www.lodelmomentoloja.com\/?p=2643","title":{"rendered":"TRAS POST DE MASTERCHEF, CR\u00cdTICAN AL PRESIDENTE MORENO."},"content":{"rendered":"<div class=\"kvgmc6g5 cxmmr5t8 oygrvhab hcukyx3x c1et5uql ii04i59q\">\n<div dir=\"auto\"><a class=\"oajrlxb2 g5ia77u1 qu0x051f esr5mh6w e9989ue4 r7d6kgcz rq0escxv nhd2j8a9 nc684nl6 p7hjln8o kvgmc6g5 cxmmr5t8 oygrvhab hcukyx3x jb3vyjys rz4wbd8a qt6c0cv9 a8nywdso i1ao9s8h esuyzwwr f1sip0of lzcic4wl q66pz984 gpro0wi8 b1v8xokw\" tabindex=\"0\" role=\"link\" href=\"https:\/\/www.facebook.com\/hashtag\/ecuador?__eep__=6&amp;__cft__[0]=AZWC1O1pnMZ61Ekq0OMeNXufTgXWc19f0AekWQzK2qR6JBHshbRosM6ncfUMAnhOluCHOFNLDDiajEjgHG7FrNqRHP2_LKtLsyXPbgAklvixlIsHG_ER2dKb-vWC_Yj7P6-O18dtwy1x_GZ3hVnYoktSjZoWx5g1OK9iiZAcIYLwaWYFElWSexQyj8PyzcDBx1Y&amp;__tn__=*NK-R\">#Ecuador<\/a> | La final de Masterchef.<\/div>\n<div dir=\"auto\"><\/div>\n<\/div>\n<div class=\"o9v6fnle cxmmr5t8 oygrvhab hcukyx3x c1et5uql ii04i59q\">\n<div dir=\"auto\">El famoso reality de cocina transmitido por Teleamazonas, dio a conocer a Roberto Ayala como el ganador de la final tras varios meses de competencia, informaci\u00f3n que fue compartida en las diferentes redes sociales con mensajes de apoyo al ganador, especialmente en la red de twitter.<\/div>\n<div dir=\"auto\"><\/div>\n<\/div>\n<div class=\"o9v6fnle cxmmr5t8 oygrvhab hcukyx3x c1et5uql ii04i59q\">\n<div dir=\"auto\">Sin embargo, mientras esto se daba, el presidente Lenin Moreno tambi\u00e9n hizo un retweet felicitando a Roberto por su actuaci\u00f3n, &#8220;Felicitaciones a Roberto Ayala por esa creatividad y saz\u00f3n para la cocina. Nos inspira a crecer, a sentir que si ponemos el coraz\u00f3n en lo que hacemos, el \u00e9xito ser\u00e1 la recompensa&#8221; expres\u00f3 el primer mandatario, acci\u00f3n que inmediatamente gener\u00f3 pol\u00e9mica en los usuarios, pues hicieron reclamos en referencia a las vacunas.<\/div>\n<div dir=\"auto\"><\/div>\n<\/div>\n<div class=\"o9v6fnle cxmmr5t8 oygrvhab hcukyx3x c1et5uql ii04i59q\">\n<div dir=\"auto\">Reacciones m\u00e1s destacadas:<\/div>\n<div dir=\"auto\"><\/div>\n<ul>\n<li dir=\"auto\">Luis Eduardo Vivanco, La Posta: &#8220;Jajajaja est\u00e1 muy ocupado el hombre <span class=\"pq6dq46d tbxw36s4 knj5qynh kvgmc6g5 ditlmg2l oygrvhab nvdbi5me sf5mxxl7 gl3lb2sf hhz5lgdu\"><img loading=\"lazy\" decoding=\"async\" src=\"https:\/\/static.xx.fbcdn.net\/images\/emoji.php\/v9\/tde\/1.5\/16\/1f926_200d_2642.png\" alt=\"\ud83e\udd26\u200d\u2642\ufe0f\" width=\"16\" height=\"16\" \/><\/span>&#8220;.<\/li>\n<\/ul>\n<div dir=\"auto\"><img loading=\"lazy\" decoding=\"async\" class=\"alignnone wp-image-2646 size-full\" src=\"http:\/\/www.lodelmomentoloja.com\/wp-content\/uploads\/2021\/02\/3.jpg\" alt=\"\" width=\"710\" height=\"490\" srcset=\"https:\/\/www.lodelmomentoloja.com\/wp-content\/uploads\/2021\/02\/3.jpg 710w, https:\/\/www.lodelmomentoloja.com\/wp-content\/uploads\/2021\/02\/3-300x207.jpg 300w, https:\/\/www.lodelmomentoloja.com\/wp-content\/uploads\/2021\/02\/3-640x442.jpg 640w\" sizes=\"(max-width: 710px) 100vw, 710px\" \/><\/div>\n<\/div>\n<div class=\"o9v6fnle cxmmr5t8 oygrvhab hcukyx3x c1et5uql ii04i59q\">\n<div dir=\"auto\"><\/div>\n<ul>\n<li dir=\"auto\">Pavel Mu\u00f1oz, Asamble\u00edsta electo: &#8220;Democracia amenazada de muerte, vacunas inexistentes, pobreza creciente, desempleo incontrolable, delincuencia galopante, aparato productivo deprimido, &#8230; y en Carondelet dedicados a <a class=\"oajrlxb2 g5ia77u1 qu0x051f esr5mh6w e9989ue4 r7d6kgcz rq0escxv nhd2j8a9 nc684nl6 p7hjln8o kvgmc6g5 cxmmr5t8 oygrvhab hcukyx3x jb3vyjys rz4wbd8a qt6c0cv9 a8nywdso i1ao9s8h esuyzwwr f1sip0of lzcic4wl q66pz984 gpro0wi8 b1v8xokw\" tabindex=\"0\" role=\"link\" href=\"https:\/\/www.facebook.com\/hashtag\/masterchefecuador?__eep__=6&amp;__cft__[0]=AZWC1O1pnMZ61Ekq0OMeNXufTgXWc19f0AekWQzK2qR6JBHshbRosM6ncfUMAnhOluCHOFNLDDiajEjgHG7FrNqRHP2_LKtLsyXPbgAklvixlIsHG_ER2dKb-vWC_Yj7P6-O18dtwy1x_GZ3hVnYoktSjZoWx5g1OK9iiZAcIYLwaWYFElWSexQyj8PyzcDBx1Y&amp;__tn__=*NK-R\">#MasterChefEcuador<\/a> <span class=\"pq6dq46d tbxw36s4 knj5qynh kvgmc6g5 ditlmg2l oygrvhab nvdbi5me sf5mxxl7 gl3lb2sf hhz5lgdu\"><img loading=\"lazy\" decoding=\"async\" src=\"https:\/\/static.xx.fbcdn.net\/images\/emoji.php\/v9\/tde\/1.5\/16\/1f926_200d_2642.png\" alt=\"\ud83e\udd26\u200d\u2642\ufe0f\" width=\"16\" height=\"16\" \/><\/span>&#8220;<\/li>\n<\/ul>\n<\/div>\n<div dir=\"auto\"><img loading=\"lazy\" decoding=\"async\" class=\"alignnone wp-image-2644 size-full\" src=\"http:\/\/www.lodelmomentoloja.com\/wp-content\/uploads\/2021\/02\/1.jpg\" alt=\"\" width=\"710\" height=\"490\" srcset=\"https:\/\/www.lodelmomentoloja.com\/wp-content\/uploads\/2021\/02\/1.jpg 710w, https:\/\/www.lodelmomentoloja.com\/wp-content\/uploads\/2021\/02\/1-300x207.jpg 300w, https:\/\/www.lodelmomentoloja.com\/wp-content\/uploads\/2021\/02\/1-640x442.jpg 640w\" sizes=\"(max-width: 710px) 100vw, 710px\" \/><\/div>\n<div class=\"o9v6fnle cxmmr5t8 oygrvhab hcukyx3x c1et5uql ii04i59q\">\n<div dir=\"auto\"><\/div>\n<ul>\n<li dir=\"auto\">Sol Borja, periodista de GK: &#8220;Este es el nivel del Presidente que tenemos. Guarda silencio cuando no hay plan de vacunaci\u00f3n, cuando las UCI est\u00e1n saturadas, cuando el impresentable Ministro de Salud ofrece vacunas como si fueran suyas, pero le sobra tiempo para esto. Verg\u00fcenza de gobierno.&#8221;<\/li>\n<\/ul>\n<div dir=\"auto\"><img loading=\"lazy\" decoding=\"async\" class=\"alignnone wp-image-2645 size-full\" src=\"http:\/\/www.lodelmomentoloja.com\/wp-content\/uploads\/2021\/02\/2-1.jpg\" alt=\"\" width=\"710\" height=\"490\" srcset=\"https:\/\/www.lodelmomentoloja.com\/wp-content\/uploads\/2021\/02\/2-1.jpg 710w, https:\/\/www.lodelmomentoloja.com\/wp-content\/uploads\/2021\/02\/2-1-300x207.jpg 300w, https:\/\/www.lodelmomentoloja.com\/wp-content\/uploads\/2021\/02\/2-1-640x442.jpg 640w\" sizes=\"(max-width: 710px) 100vw, 710px\" \/><\/div>\n<\/div>\n<div dir=\"auto\">#LDMnoticias #lodelmomentolojaLDM<\/div>\n","protected":false},"excerpt":{"rendered":"<p>#Ecuador | La final de Masterchef. El famoso reality de cocina transmitido por Teleamazonas, dio&#8230;<\/p>\n","protected":false},"author":1,"featured_media":2647,"comment_status":"open","ping_status":"open","sticky":false,"template":"","format":"standard","meta":{"footnotes":""},"categories":[7,1],"tags":[],"class_list":["post-2643","post","type-post","status-publish","format-standard","has-post-thumbnail","hentry","category-ecuador","category-inicio"],"_links":{"self":[{"href":"https:\/\/www.lodelmomentoloja.com\/index.php?rest_route=\/wp\/v2\/posts\/2643"}],"collection":[{"href":"https:\/\/www.lodelmomentoloja.com\/index.php?rest_route=\/wp\/v2\/posts"}],"about":[{"href":"https:\/\/www.lodelmomentoloja.com\/index.php?rest_route=\/wp\/v2\/types\/post"}],"author":[{"embeddable":true,"href":"https:\/\/www.lodelmomentoloja.com\/index.php?rest_route=\/wp\/v2\/users\/1"}],"replies":[{"embeddable":true,"href":"https:\/\/www.lodelmomentoloja.com\/index.php?rest_route=%2Fwp%2Fv2%2Fcomments&post=2643"}],"version-history":[{"count":2,"href":"https:\/\/www.lodelmomentoloja.com\/index.php?rest_route=\/wp\/v2\/posts\/2643\/revisions"}],"predecessor-version":[{"id":2649,"href":"https:\/\/www.lodelmomentoloja.com\/index.php?rest_route=\/wp\/v2\/posts\/2643\/revisions\/2649"}],"wp:featuredmedia":[{"embeddable":true,"href":"https:\/\/www.lodelmomentoloja.com\/index.php?rest_route=\/wp\/v2\/media\/2647"}],"wp:attachment":[{"href":"https:\/\/www.lodelmomentoloja.com\/index.php?rest_route=%2Fwp%2Fv2%2Fmedia&parent=2643"}],"wp:term":[{"taxonomy":"category","embeddable":true,"href":"https:\/\/www.lodelmomentoloja.com\/index.php?rest_route=%2Fwp%2Fv2%2Fcategories&post=2643"},{"taxonomy":"post_tag","embeddable":true,"href":"https:\/\/www.lodelmomentoloja.com\/index.php?rest_route=%2Fwp%2Fv2%2Ftags&post=2643"}],"curies":[{"name":"wp","href":"https:\/\/api.w.org\/{rel}","templated":true}]}}