{"id":26405,"date":"2025-06-05T09:35:40","date_gmt":"2025-06-05T09:35:40","guid":{"rendered":"https:\/\/www.lodelmomentoloja.com\/?p=26405"},"modified":"2025-06-05T15:38:19","modified_gmt":"2025-06-05T15:38:19","slug":"partido-de-ecuador-vs-brasil-sera-emitido-por-senal-abierta","status":"publish","type":"post","link":"https:\/\/www.lodelmomentoloja.com\/?p=26405","title":{"rendered":"Partido de Ecuador vs Brasil ser\u00e1 emitido por se\u00f1al abierta"},"content":{"rendered":"<p>\ud83e\udd29\u26bd\ud83c\uddea\ud83c\udde8 \u00a1En se\u00f1al abierta! Desde el Gobierno del Presidente Daniel Noboa se ha gestionado que la transmisi\u00f3n del partido que disputar\u00e1 la selecci\u00f3n ecuatoriana este jueves (5 junio) contra Brasil, sea emitida en se\u00f1al abierta para todo el territorio ecuatoriano. Por ello, este encuentro decisorio que podr\u00eda dar la clasificaci\u00f3n al mundial ser\u00e1 mediante TC televisi\u00f3n y Ecuador TV.<\/p>\n<p>&nbsp;<\/p>\n<p><img loading=\"lazy\" decoding=\"async\" class=\"alignnone size-medium wp-image-26407\" src=\"http:\/\/www.lodelmomentoloja.com\/wp-content\/uploads\/2025\/06\/IMG-20250605-WA0082-240x300.jpg\" alt=\"\" width=\"240\" height=\"300\" srcset=\"https:\/\/www.lodelmomentoloja.com\/wp-content\/uploads\/2025\/06\/IMG-20250605-WA0082-240x300.jpg 240w, https:\/\/www.lodelmomentoloja.com\/wp-content\/uploads\/2025\/06\/IMG-20250605-WA0082-818x1024.jpg 818w, https:\/\/www.lodelmomentoloja.com\/wp-content\/uploads\/2025\/06\/IMG-20250605-WA0082-768x961.jpg 768w, https:\/\/www.lodelmomentoloja.com\/wp-content\/uploads\/2025\/06\/IMG-20250605-WA0082-640x801.jpg 640w, https:\/\/www.lodelmomentoloja.com\/wp-content\/uploads\/2025\/06\/IMG-20250605-WA0082.jpg 1023w\" sizes=\"(max-width: 240px) 100vw, 240px\" \/><\/p>\n<p>\ud83c\udf10\u2705 S\u00edguenos en nuestra p\u00e1gina verificada: https:\/\/www.facebook.com\/lodelmomentolojaEC<\/p>\n<p>www.lodelmomentoloja.com<br \/>\n#LDMnoticias #lodelmomentolojaLDM<\/p>\n","protected":false},"excerpt":{"rendered":"<p>\ud83e\udd29\u26bd\ud83c\uddea\ud83c\udde8 \u00a1En se\u00f1al abierta! Desde el Gobierno del Presidente Daniel Noboa se ha gestionado que&#8230;<\/p>\n","protected":false},"author":1,"featured_media":26406,"comment_status":"open","ping_status":"open","sticky":false,"template":"","format":"standard","meta":{"footnotes":""},"categories":[7,1,5],"tags":[],"class_list":["post-26405","post","type-post","status-publish","format-standard","has-post-thumbnail","hentry","category-ecuador","category-inicio","category-loja"],"_links":{"self":[{"href":"https:\/\/www.lodelmomentoloja.com\/index.php?rest_route=\/wp\/v2\/posts\/26405"}],"collection":[{"href":"https:\/\/www.lodelmomentoloja.com\/index.php?rest_route=\/wp\/v2\/posts"}],"about":[{"href":"https:\/\/www.lodelmomentoloja.com\/index.php?rest_route=\/wp\/v2\/types\/post"}],"author":[{"embeddable":true,"href":"https:\/\/www.lodelmomentoloja.com\/index.php?rest_route=\/wp\/v2\/users\/1"}],"replies":[{"embeddable":true,"href":"https:\/\/www.lodelmomentoloja.com\/index.php?rest_route=%2Fwp%2Fv2%2Fcomments&post=26405"}],"version-history":[{"count":1,"href":"https:\/\/www.lodelmomentoloja.com\/index.php?rest_route=\/wp\/v2\/posts\/26405\/revisions"}],"predecessor-version":[{"id":26408,"href":"https:\/\/www.lodelmomentoloja.com\/index.php?rest_route=\/wp\/v2\/posts\/26405\/revisions\/26408"}],"wp:featuredmedia":[{"embeddable":true,"href":"https:\/\/www.lodelmomentoloja.com\/index.php?rest_route=\/wp\/v2\/media\/26406"}],"wp:attachment":[{"href":"https:\/\/www.lodelmomentoloja.com\/index.php?rest_route=%2Fwp%2Fv2%2Fmedia&parent=26405"}],"wp:term":[{"taxonomy":"category","embeddable":true,"href":"https:\/\/www.lodelmomentoloja.com\/index.php?rest_route=%2Fwp%2Fv2%2Fcategories&post=26405"},{"taxonomy":"post_tag","embeddable":true,"href":"https:\/\/www.lodelmomentoloja.com\/index.php?rest_route=%2Fwp%2Fv2%2Ftags&post=26405"}],"curies":[{"name":"wp","href":"https:\/\/api.w.org\/{rel}","templated":true}]}}