{"id":26402,"date":"2025-06-05T08:33:29","date_gmt":"2025-06-05T08:33:29","guid":{"rendered":"https:\/\/www.lodelmomentoloja.com\/?p=26402"},"modified":"2025-06-05T15:34:55","modified_gmt":"2025-06-05T15:34:55","slug":"presidente-trump-no-celebrara-el-denominado-pride-month","status":"publish","type":"post","link":"https:\/\/www.lodelmomentoloja.com\/?p=26402","title":{"rendered":"Presidente Trump no celebrar\u00e1 el denominado &#8216;Pride Month&#8217;"},"content":{"rendered":"<p>\ud83d\ude31\ud83d\udeab\ud83c\udff3\ufe0f\u200d\ud83c\udf08\u00a1&#8217;Un junio normal&#8217;! El presidente de Estados Unidos Donald Trump rompe con la tradici\u00f3n presidencial desde 1999 y no proclamar\u00e1 junio como &#8220;Pride Month&#8221;. Seg\u00fan la secretaria Karoline Leavitt, a trav\u00e9s de una conferencia, confirm\u00f3 que no hay planes para emitir una proclamaci\u00f3n presidencial reconociendo el Mes del Org\u00fcll0. Por su parte la congresista Mary Miller ha propuesto que junio sea oficialmente el \u201cMes de la Familia\u201d, y calific\u00f3 al orgullo LGBTQ+ como: \u201cUna mentira peligrosa que confunde a los ni\u00f1os y destruye los valores.\u201d<\/p>\n<p>Todo esto sucede mientras millones celebran WorldPride 2025 en Washington D.C., el evento m\u00e1s grande del mundo por los derechos LGBTQ+.<\/p>\n<p>\ud83c\udf10\u2705 S\u00edguenos en nuestra p\u00e1gina verificada: https:\/\/www.facebook.com\/lodelmomentolojaEC<\/p>\n<p>www.lodelmomentoloja.com<br \/>\n#LDMnoticias #lodelmomentolojaLDM<\/p>\n","protected":false},"excerpt":{"rendered":"<p>\ud83d\ude31\ud83d\udeab\ud83c\udff3\ufe0f\u200d\ud83c\udf08\u00a1&#8217;Un junio normal&#8217;! El presidente de Estados Unidos Donald Trump rompe con la tradici\u00f3n presidencial&#8230;<\/p>\n","protected":false},"author":1,"featured_media":26403,"comment_status":"open","ping_status":"open","sticky":false,"template":"","format":"standard","meta":{"footnotes":""},"categories":[7,1,4],"tags":[],"class_list":["post-26402","post","type-post","status-publish","format-standard","has-post-thumbnail","hentry","category-ecuador","category-inicio","category-internacional"],"_links":{"self":[{"href":"https:\/\/www.lodelmomentoloja.com\/index.php?rest_route=\/wp\/v2\/posts\/26402"}],"collection":[{"href":"https:\/\/www.lodelmomentoloja.com\/index.php?rest_route=\/wp\/v2\/posts"}],"about":[{"href":"https:\/\/www.lodelmomentoloja.com\/index.php?rest_route=\/wp\/v2\/types\/post"}],"author":[{"embeddable":true,"href":"https:\/\/www.lodelmomentoloja.com\/index.php?rest_route=\/wp\/v2\/users\/1"}],"replies":[{"embeddable":true,"href":"https:\/\/www.lodelmomentoloja.com\/index.php?rest_route=%2Fwp%2Fv2%2Fcomments&post=26402"}],"version-history":[{"count":1,"href":"https:\/\/www.lodelmomentoloja.com\/index.php?rest_route=\/wp\/v2\/posts\/26402\/revisions"}],"predecessor-version":[{"id":26404,"href":"https:\/\/www.lodelmomentoloja.com\/index.php?rest_route=\/wp\/v2\/posts\/26402\/revisions\/26404"}],"wp:featuredmedia":[{"embeddable":true,"href":"https:\/\/www.lodelmomentoloja.com\/index.php?rest_route=\/wp\/v2\/media\/26403"}],"wp:attachment":[{"href":"https:\/\/www.lodelmomentoloja.com\/index.php?rest_route=%2Fwp%2Fv2%2Fmedia&parent=26402"}],"wp:term":[{"taxonomy":"category","embeddable":true,"href":"https:\/\/www.lodelmomentoloja.com\/index.php?rest_route=%2Fwp%2Fv2%2Fcategories&post=26402"},{"taxonomy":"post_tag","embeddable":true,"href":"https:\/\/www.lodelmomentoloja.com\/index.php?rest_route=%2Fwp%2Fv2%2Ftags&post=26402"}],"curies":[{"name":"wp","href":"https:\/\/api.w.org\/{rel}","templated":true}]}}