{"id":26354,"date":"2025-06-03T08:10:00","date_gmt":"2025-06-03T08:10:00","guid":{"rendered":"https:\/\/www.lodelmomentoloja.com\/?p=26354"},"modified":"2025-06-03T14:12:06","modified_gmt":"2025-06-03T14:12:06","slug":"ecuador-registra-altos-niveles-de-radiacion-uv-este-03-de-junio","status":"publish","type":"post","link":"https:\/\/www.lodelmomentoloja.com\/?p=26354","title":{"rendered":"ECUADOR REGISTRA ALTOS NIVELES DE RADIACI\u00d3N UV ESTE 03 DE JUNIO"},"content":{"rendered":"<p>\ud83c\udf04\ud83e\udd75\ud83c\udf21\ufe0f\u00a1Pilas con el sol! El Instituto Nacional de Meteorolog\u00eda e Hidrolog\u00eda (INAMHI) emiti\u00f3 un pron\u00f3stico de radiaci\u00f3n ultravioleta (UV) para el martes 3 de junio de 2025 en Ecuador, alertando sobre niveles altos en varias provincias. Seg\u00fan el mapa publicado por la entidad, Cotopaxi, Bol\u00edvar, Chimborazo, Ca\u00f1ar, Azuay, Los R\u00edos y Guayas tendr\u00e1n un nivel de 6-7, &#8220;alto&#8221; en la escala de \u00edndice de radiaci\u00f3n UV. Por su parte, el resto de las provincias del Ecuador tendr\u00e1n un nivel 8-10 catalogado como &#8220;muy alto&#8221;, incluyendo Loja. Ante este pron\u00f3stico el Inamhi recomienda a la ciudadan\u00eda evitar la exposici\u00f3n prolongada al sol entre las 10:00 y 15:00.<\/p>\n<p>\ud83c\udf10\u2705 S\u00edguenos en nuestra p\u00e1gina verificada: https:\/\/www.facebook.com\/lodelmomentolojaEC<\/p>\n<p>www.lodelmomentoloja.com<br \/>\n<a class=\"x1i10hfl xjbqb8w x1ejq31n xd10rxx x1sy0etr x17r0tee x972fbf xcfux6l x1qhh985 xm0m39n x9f619 x1ypdohk xt0psk2 xe8uvvx xdj266r x11i5rnm xat24cr x1mh8g0r xexx8yu x4uap5 x18d9i69 xkhd6sd x16tdsg8 x1hl2dhg xggy1nq x1a2a7pz  _aa9_ _a6hd\" tabindex=\"0\" role=\"link\" href=\"https:\/\/www.instagram.com\/explore\/tags\/ldmnoticias\/\">#LDMnoticias<\/a>\u00a0<a class=\"x1i10hfl xjbqb8w x1ejq31n xd10rxx x1sy0etr x17r0tee x972fbf xcfux6l x1qhh985 xm0m39n x9f619 x1ypdohk xt0psk2 xe8uvvx xdj266r x11i5rnm xat24cr x1mh8g0r xexx8yu x4uap5 x18d9i69 xkhd6sd x16tdsg8 x1hl2dhg xggy1nq x1a2a7pz  _aa9_ _a6hd\" tabindex=\"0\" role=\"link\" href=\"https:\/\/www.instagram.com\/explore\/tags\/lodelmomentolojaldm\/\">#lodelmomentolojaLDM<\/a><\/p>\n","protected":false},"excerpt":{"rendered":"<p>\ud83c\udf04\ud83e\udd75\ud83c\udf21\ufe0f\u00a1Pilas con el sol! El Instituto Nacional de Meteorolog\u00eda e Hidrolog\u00eda (INAMHI) emiti\u00f3 un pron\u00f3stico&#8230;<\/p>\n","protected":false},"author":1,"featured_media":26355,"comment_status":"open","ping_status":"open","sticky":false,"template":"","format":"standard","meta":{"footnotes":""},"categories":[7,1,5,6],"tags":[],"class_list":["post-26354","post","type-post","status-publish","format-standard","has-post-thumbnail","hentry","category-ecuador","category-inicio","category-loja","category-zamora"],"_links":{"self":[{"href":"https:\/\/www.lodelmomentoloja.com\/index.php?rest_route=\/wp\/v2\/posts\/26354"}],"collection":[{"href":"https:\/\/www.lodelmomentoloja.com\/index.php?rest_route=\/wp\/v2\/posts"}],"about":[{"href":"https:\/\/www.lodelmomentoloja.com\/index.php?rest_route=\/wp\/v2\/types\/post"}],"author":[{"embeddable":true,"href":"https:\/\/www.lodelmomentoloja.com\/index.php?rest_route=\/wp\/v2\/users\/1"}],"replies":[{"embeddable":true,"href":"https:\/\/www.lodelmomentoloja.com\/index.php?rest_route=%2Fwp%2Fv2%2Fcomments&post=26354"}],"version-history":[{"count":1,"href":"https:\/\/www.lodelmomentoloja.com\/index.php?rest_route=\/wp\/v2\/posts\/26354\/revisions"}],"predecessor-version":[{"id":26356,"href":"https:\/\/www.lodelmomentoloja.com\/index.php?rest_route=\/wp\/v2\/posts\/26354\/revisions\/26356"}],"wp:featuredmedia":[{"embeddable":true,"href":"https:\/\/www.lodelmomentoloja.com\/index.php?rest_route=\/wp\/v2\/media\/26355"}],"wp:attachment":[{"href":"https:\/\/www.lodelmomentoloja.com\/index.php?rest_route=%2Fwp%2Fv2%2Fmedia&parent=26354"}],"wp:term":[{"taxonomy":"category","embeddable":true,"href":"https:\/\/www.lodelmomentoloja.com\/index.php?rest_route=%2Fwp%2Fv2%2Fcategories&post=26354"},{"taxonomy":"post_tag","embeddable":true,"href":"https:\/\/www.lodelmomentoloja.com\/index.php?rest_route=%2Fwp%2Fv2%2Ftags&post=26354"}],"curies":[{"name":"wp","href":"https:\/\/api.w.org\/{rel}","templated":true}]}}