{"id":26337,"date":"2025-05-30T18:02:21","date_gmt":"2025-05-30T18:02:21","guid":{"rendered":"https:\/\/www.lodelmomentoloja.com\/?p=26337"},"modified":"2025-05-30T23:06:38","modified_gmt":"2025-05-30T23:06:38","slug":"actores-politicos-desmienten-las-acusaciones-de-rafael-davila-contra-el-gobierno","status":"publish","type":"post","link":"https:\/\/www.lodelmomentoloja.com\/?p=26337","title":{"rendered":"Actores pol\u00edticos desmienten las acusaciones de Rafael D\u00e1vila contra el Gobierno."},"content":{"rendered":"<p>\ud83d\ude31\ud83e\udd21\ud83d\udde3\ufe0f \u00bfVerdades a medias? Mientras Rafael D\u00e1vila intenta culpar al actual Gobierno por las decisiones administrativas debido a la falta de recursos en la Prefectura de Loja, actores pol\u00edticos, lo desmienten ante la ciudadan\u00eda lojana. Tal es el caso de Freddy Bravo, quien no dud\u00f3 en manifestar que se tratar\u00edan de calumnias en contra del primer mandatario \u00bfCu\u00e1l fue su respuesta?<\/p>\n<div style=\"width: 640px;\" class=\"wp-video\"><!--[if lt IE 9]><script>document.createElement('video');<\/script><![endif]-->\n<video class=\"wp-video-shortcode\" id=\"video-26337-1\" width=\"640\" height=\"360\" preload=\"metadata\" controls=\"controls\"><source type=\"video\/mp4\" src=\"http:\/\/www.lodelmomentoloja.com\/wp-content\/uploads\/2025\/05\/DAVILA-VS-FREDDY-BRAVO-REDUCIDO.mp4?_=1\" \/><a href=\"http:\/\/www.lodelmomentoloja.com\/wp-content\/uploads\/2025\/05\/DAVILA-VS-FREDDY-BRAVO-REDUCIDO.mp4\">http:\/\/www.lodelmomentoloja.com\/wp-content\/uploads\/2025\/05\/DAVILA-VS-FREDDY-BRAVO-REDUCIDO.mp4<\/a><\/video><\/div>\n<p>Mientras Rafael D\u00e1vila intenta culpar al actual Gobierno por las decisiones administrativas debido a la falta de recursos en la Prefectura de Loja, actores pol\u00edticos, lo desmienten ante la ciudadan\u00eda lojana. En una reciente entrevista con medio radial local, Rafael D\u00e1vila se refiri\u00f3 a la deuda que mantendr\u00eda el actual Gobierno con la Prefectura de Loja, luego de que un ciudadano reclamara la falta de mantenimiento por parte del Gobierno Provincial a las obras realizadas bajo su periodo como Prefecto, a lo que D\u00e1vila respondi\u00f3.<\/p>\n<p>Sus declaraciones provocaron la indignaci\u00f3n de m\u00e1s de uno, tal es el caso del exgobernador Freddy Bravo que, en una entrevista con el medio digital LDM, expres\u00f3 su malestar por las opiniones de D\u00e1vila.<\/p>\n<p>Incluso, recalca que la opini\u00f3n de D\u00e1vila, responder\u00eda a presuntos intereses pol\u00edticos, puesto que, un memorando del Gobierno Provincial, con fecha del 22 de mayo de 2025, reflejar\u00eda la remuneraci\u00f3n del mes de marzo y, de manera parcial, del mes de abril, lo que pondr\u00eda en tela de duda, las afirmaciones del exasamble\u00edsta.<\/p>\n<p>Pero no es todo, Freddy Bravo, adem\u00e1s se refiri\u00f3 a presuntas irregularidades que habr\u00edan ocurrido cuando D\u00e1vila era Prefecto, cuestionando la calidad de las obras realizadas, mismas que luego fueron utilizadas durante la campa\u00f1a electoral donde buscaba mantener su curul en la Asamblea Nacional, aunque no recibi\u00f3 el respaldo en las urnas.<\/p>\n<p>Finalmente, menciona que las acusaciones en contra del primer mandatario no pasar\u00e1n por desapercibidas, ya que, se tratar\u00edan de estrategias empleadas por los pol\u00edticos de la vieja data con el objetivo de aferrarse al sector p\u00fablico donde, poco a poco, han ido perdiendo cargos.<\/p>\n<p>Noticia Completa \ud83d\udcf2 https:\/\/youtu.be\/RsFtf9fbTwY<\/p>\n<p>\ud83c\udf10\u2705 S\u00edguenos en nuestra p\u00e1gina verificada: https:\/\/www.facebook.com\/lodelmomentolojaEC<\/p>\n<p>www.lodelmomentoloja.com<br \/>\n#LDMnoticias #lodelmomentolojaLDM<\/p>\n","protected":false},"excerpt":{"rendered":"<p>\ud83d\ude31\ud83e\udd21\ud83d\udde3\ufe0f \u00bfVerdades a medias? Mientras Rafael D\u00e1vila intenta culpar al actual Gobierno por las decisiones&#8230;<\/p>\n","protected":false},"author":1,"featured_media":26339,"comment_status":"open","ping_status":"open","sticky":false,"template":"","format":"standard","meta":{"footnotes":""},"categories":[7,1,5],"tags":[],"class_list":["post-26337","post","type-post","status-publish","format-standard","has-post-thumbnail","hentry","category-ecuador","category-inicio","category-loja"],"_links":{"self":[{"href":"https:\/\/www.lodelmomentoloja.com\/index.php?rest_route=\/wp\/v2\/posts\/26337"}],"collection":[{"href":"https:\/\/www.lodelmomentoloja.com\/index.php?rest_route=\/wp\/v2\/posts"}],"about":[{"href":"https:\/\/www.lodelmomentoloja.com\/index.php?rest_route=\/wp\/v2\/types\/post"}],"author":[{"embeddable":true,"href":"https:\/\/www.lodelmomentoloja.com\/index.php?rest_route=\/wp\/v2\/users\/1"}],"replies":[{"embeddable":true,"href":"https:\/\/www.lodelmomentoloja.com\/index.php?rest_route=%2Fwp%2Fv2%2Fcomments&post=26337"}],"version-history":[{"count":1,"href":"https:\/\/www.lodelmomentoloja.com\/index.php?rest_route=\/wp\/v2\/posts\/26337\/revisions"}],"predecessor-version":[{"id":26340,"href":"https:\/\/www.lodelmomentoloja.com\/index.php?rest_route=\/wp\/v2\/posts\/26337\/revisions\/26340"}],"wp:featuredmedia":[{"embeddable":true,"href":"https:\/\/www.lodelmomentoloja.com\/index.php?rest_route=\/wp\/v2\/media\/26339"}],"wp:attachment":[{"href":"https:\/\/www.lodelmomentoloja.com\/index.php?rest_route=%2Fwp%2Fv2%2Fmedia&parent=26337"}],"wp:term":[{"taxonomy":"category","embeddable":true,"href":"https:\/\/www.lodelmomentoloja.com\/index.php?rest_route=%2Fwp%2Fv2%2Fcategories&post=26337"},{"taxonomy":"post_tag","embeddable":true,"href":"https:\/\/www.lodelmomentoloja.com\/index.php?rest_route=%2Fwp%2Fv2%2Ftags&post=26337"}],"curies":[{"name":"wp","href":"https:\/\/api.w.org\/{rel}","templated":true}]}}