{"id":26333,"date":"2025-05-30T14:32:41","date_gmt":"2025-05-30T14:32:41","guid":{"rendered":"https:\/\/www.lodelmomentoloja.com\/?p=26333"},"modified":"2025-05-30T19:34:41","modified_gmt":"2025-05-30T19:34:41","slug":"policia-confirma-la-captura-de-sospechosa-en-el-cr1m3n-de-carlos-quezada","status":"publish","type":"post","link":"https:\/\/www.lodelmomentoloja.com\/?p=26333","title":{"rendered":"Polic\u00eda confirma la captura de sospechosa en el cr1m3n de Carlos Quezada"},"content":{"rendered":"<p>\ud83d\udea8\ud83d\ude2d\ud83d\udde3\ufe0f \u00a1Presunta sospechosa! Tras varios meses de investigaci\u00f3n, La Subzona de la Polic\u00eda de Loja, inform\u00f3 sobre la captura de una mujer que, aparentemente, estar\u00eda implicada en la d3s4p4r1c10n y mv3rt3 de Carlos Quezada, ocurrido el pasado 11 de noviembre de 2024. Se tratar\u00eda de Paola R.M. de 32 a\u00f1os de edad quien fue detenida en el sector Chontacruz, ubicado al occidente de la ciudad alrededor de las 19H00 del pasado 28 de mayo de 2025. Un cr1m3n que conmocion\u00f3 a la ciudadan\u00eda lojana por el incremento de v10l3nc14 que azota al cant\u00f3n, por lo que, su familia espera que se haga justicia y evitar que este cr1m3n quede en la impunidad.<\/p>\n<div style=\"width: 640px;\" class=\"wp-video\"><!--[if lt IE 9]><script>document.createElement('video');<\/script><![endif]-->\n<video class=\"wp-video-shortcode\" id=\"video-26333-1\" width=\"640\" height=\"360\" preload=\"metadata\" controls=\"controls\"><source type=\"video\/mp4\" src=\"http:\/\/www.lodelmomentoloja.com\/wp-content\/uploads\/2025\/05\/SOSPECHOSA-DEL-CR1M3N-DE-CARLOS-QUEZADA-REDUCIDO.mp4?_=1\" \/><a href=\"http:\/\/www.lodelmomentoloja.com\/wp-content\/uploads\/2025\/05\/SOSPECHOSA-DEL-CR1M3N-DE-CARLOS-QUEZADA-REDUCIDO.mp4\">http:\/\/www.lodelmomentoloja.com\/wp-content\/uploads\/2025\/05\/SOSPECHOSA-DEL-CR1M3N-DE-CARLOS-QUEZADA-REDUCIDO.mp4<\/a><\/video><\/div>\n<p>&nbsp;<\/p>\n<p>Seg\u00fan detall\u00f3 la Polic\u00eda Nacional en su informe emitido el 29 de mayo, las investigaciones continuaron y, tras cumplirse seis meses del cr1m3n, aprendieron a la sospechosa identificada como Paola R.M., de 32 a\u00f1os de edad, el pasado 28 de abril de 2025, quien estar\u00eda involucrada en el caso. Las autoridades detallan que su detenci\u00f3n ocurri\u00f3 en el sector Chontacruz, ubicado al occidente de la ciudad alrededor de las 19H00.<br \/>\n\u201cFiscal\u00eda autoriz\u00f3 un allanamiento al domicilio de la ciudadana procediendo a su inmediata detenci\u00f3n\u201d, agrega el comunicado.<\/p>\n<p>Carlos Quezada, fue visto por \u00faltima vez saliendo de un reconocido gimnasio de la ciudad, ubicado en la Av. Orillas del Zamora. En medio de la desesperaci\u00f3n por dar con su paradero, su familia present\u00f3 una denuncia formal ante la Fiscal\u00eda Provincial de Loja, sin embargo, a pesar de los esfuerzos, su cuerpo fue encontrado sin v!da.<\/p>\n<p>Seg\u00fan la Polic\u00eda, la Dinased logr\u00f3 ubicar los restos cerca de la urna del sector Villonaco envuelto en una cobija en posici\u00f3n dec\u00fabito lateral derecho y, as\u00ed simple vista, detallas que se observaban signos de t0rtvr4, 4m0rd4z4d0 y m4n14t0 de pies y manos.<\/p>\n<p>La sospechosa fue puesta a \u00f3rdenes de las autoridades para las respectivas investigaciones, mientras tanto, su familia contin\u00faa en su lucha para que este cr1m3n no quede en la impunidad.<\/p>\n<p>Esta noticia genera conmoci\u00f3n entre la ciudadan\u00eda debido al nivel de d3l1ncv3nc14 que se ha desatado en la provincia de Loja y, sobre todo, en el cant\u00f3n durante los \u00faltimos a\u00f1os, por lo que la comunidad espera que la justicia sancione a los responsables de este presunto d3l1t0 y evitar futuros incidentes que puedan cobrar la v!d4 de nuevas v\u00edctimas.<\/p>\n<p>Noticia Completa \ud83d\udcf2 https:\/\/youtu.be\/ReWjnD5U8PI<\/p>\n<p>\ud83c\udf10\u2705 S\u00edguenos en nuestra p\u00e1gina verificada: https:\/\/www.facebook.com\/lodelmomentolojaEC<\/p>\n<p>www.lodelmomentoloja.com<br \/>\n#LDMnoticias #lodelmomentolojaLDM<\/p>\n","protected":false},"excerpt":{"rendered":"<p>\ud83d\udea8\ud83d\ude2d\ud83d\udde3\ufe0f \u00a1Presunta sospechosa! Tras varios meses de investigaci\u00f3n, La Subzona de la Polic\u00eda de Loja,&#8230;<\/p>\n","protected":false},"author":1,"featured_media":26335,"comment_status":"open","ping_status":"open","sticky":false,"template":"","format":"standard","meta":{"footnotes":""},"categories":[7,1,4,5],"tags":[],"class_list":["post-26333","post","type-post","status-publish","format-standard","has-post-thumbnail","hentry","category-ecuador","category-inicio","category-internacional","category-loja"],"_links":{"self":[{"href":"https:\/\/www.lodelmomentoloja.com\/index.php?rest_route=\/wp\/v2\/posts\/26333"}],"collection":[{"href":"https:\/\/www.lodelmomentoloja.com\/index.php?rest_route=\/wp\/v2\/posts"}],"about":[{"href":"https:\/\/www.lodelmomentoloja.com\/index.php?rest_route=\/wp\/v2\/types\/post"}],"author":[{"embeddable":true,"href":"https:\/\/www.lodelmomentoloja.com\/index.php?rest_route=\/wp\/v2\/users\/1"}],"replies":[{"embeddable":true,"href":"https:\/\/www.lodelmomentoloja.com\/index.php?rest_route=%2Fwp%2Fv2%2Fcomments&post=26333"}],"version-history":[{"count":1,"href":"https:\/\/www.lodelmomentoloja.com\/index.php?rest_route=\/wp\/v2\/posts\/26333\/revisions"}],"predecessor-version":[{"id":26336,"href":"https:\/\/www.lodelmomentoloja.com\/index.php?rest_route=\/wp\/v2\/posts\/26333\/revisions\/26336"}],"wp:featuredmedia":[{"embeddable":true,"href":"https:\/\/www.lodelmomentoloja.com\/index.php?rest_route=\/wp\/v2\/media\/26335"}],"wp:attachment":[{"href":"https:\/\/www.lodelmomentoloja.com\/index.php?rest_route=%2Fwp%2Fv2%2Fmedia&parent=26333"}],"wp:term":[{"taxonomy":"category","embeddable":true,"href":"https:\/\/www.lodelmomentoloja.com\/index.php?rest_route=%2Fwp%2Fv2%2Fcategories&post=26333"},{"taxonomy":"post_tag","embeddable":true,"href":"https:\/\/www.lodelmomentoloja.com\/index.php?rest_route=%2Fwp%2Fv2%2Ftags&post=26333"}],"curies":[{"name":"wp","href":"https:\/\/api.w.org\/{rel}","templated":true}]}}