{"id":26315,"date":"2025-05-30T08:17:44","date_gmt":"2025-05-30T08:17:44","guid":{"rendered":"https:\/\/www.lodelmomentoloja.com\/?p=26315"},"modified":"2025-05-30T15:05:48","modified_gmt":"2025-05-30T15:05:48","slug":"lojano-recibio-condecoracion-en-asamblea-nacional-del-ecuador","status":"publish","type":"post","link":"https:\/\/www.lodelmomentoloja.com\/?p=26315","title":{"rendered":"LOJANO RECIBI\u00d3 CONDECORACI\u00d3N EN ASAMBLEA NACIONAL DEL ECUADOR"},"content":{"rendered":"<p>\ud83c\uddea\ud83c\udde8\ud83c\udfc5\ud83d\udc4f\ud83c\udffb\u00a1Fue condecorado! En reconocimiento a su destacada labor y trayectoria, el lojano Marvin Ord\u00f3\u00f1ez Flores fue condecorado con la distinci\u00f3n \u201cDr. Vicente Rocafuerte\u201d al m\u00e9rito cultural, otorgada por la Asamblea Nacional del Ecuador. La distinci\u00f3n corresponde al per\u00edodo legislativo 2023\u20132025 y resalta el impacto de su trabajo en el fortalecimiento del sector cultural.<\/p>\n<p>Marvin Ord\u00f3\u00f1ez, docente de los establecimientos educativos P\u00edo Jaramillo Alvarado y Eugenio Espejo, ha desarrollado una labor constante en el \u00e1mbito cultural, siendo uno de los principales gestores del Festival Augusto San Miguel. Este evento intercolegial, que naci\u00f3 hace diez a\u00f1os como una iniciativa local, hoy tiene alcance nacional y promueve el arte audiovisual entre estudiantes de bachillerato.<\/p>\n<p>\ud83c\udf10\u2705 S\u00edguenos en nuestra p\u00e1gina verificada: https:\/\/www.facebook.com\/lodelmomentolojaEC<\/p>\n<p>www.lodelmomentoloja.com<br \/>\n<a class=\"x1i10hfl xjbqb8w x1ejq31n xd10rxx x1sy0etr x17r0tee x972fbf xcfux6l x1qhh985 xm0m39n x9f619 x1ypdohk xt0psk2 xe8uvvx xdj266r x11i5rnm xat24cr x1mh8g0r xexx8yu x4uap5 x18d9i69 xkhd6sd x16tdsg8 x1hl2dhg xggy1nq x1a2a7pz  _aa9_ _a6hd\" tabindex=\"0\" role=\"link\" href=\"https:\/\/www.instagram.com\/explore\/tags\/ldmnoticias\/\">#LDMnoticias<\/a>\u00a0<a class=\"x1i10hfl xjbqb8w x1ejq31n xd10rxx x1sy0etr x17r0tee x972fbf xcfux6l x1qhh985 xm0m39n x9f619 x1ypdohk xt0psk2 xe8uvvx xdj266r x11i5rnm xat24cr x1mh8g0r xexx8yu x4uap5 x18d9i69 xkhd6sd x16tdsg8 x1hl2dhg xggy1nq x1a2a7pz  _aa9_ _a6hd\" tabindex=\"0\" role=\"link\" href=\"https:\/\/www.instagram.com\/explore\/tags\/lodelmomentolojaldm\/\">#lodelmomentolojaLDM<\/a><\/p>\n","protected":false},"excerpt":{"rendered":"<p>\ud83c\uddea\ud83c\udde8\ud83c\udfc5\ud83d\udc4f\ud83c\udffb\u00a1Fue condecorado! En reconocimiento a su destacada labor y trayectoria, el lojano Marvin Ord\u00f3\u00f1ez Flores&#8230;<\/p>\n","protected":false},"author":1,"featured_media":26316,"comment_status":"open","ping_status":"open","sticky":false,"template":"","format":"standard","meta":{"footnotes":""},"categories":[7,1,5],"tags":[],"class_list":["post-26315","post","type-post","status-publish","format-standard","has-post-thumbnail","hentry","category-ecuador","category-inicio","category-loja"],"_links":{"self":[{"href":"https:\/\/www.lodelmomentoloja.com\/index.php?rest_route=\/wp\/v2\/posts\/26315"}],"collection":[{"href":"https:\/\/www.lodelmomentoloja.com\/index.php?rest_route=\/wp\/v2\/posts"}],"about":[{"href":"https:\/\/www.lodelmomentoloja.com\/index.php?rest_route=\/wp\/v2\/types\/post"}],"author":[{"embeddable":true,"href":"https:\/\/www.lodelmomentoloja.com\/index.php?rest_route=\/wp\/v2\/users\/1"}],"replies":[{"embeddable":true,"href":"https:\/\/www.lodelmomentoloja.com\/index.php?rest_route=%2Fwp%2Fv2%2Fcomments&post=26315"}],"version-history":[{"count":1,"href":"https:\/\/www.lodelmomentoloja.com\/index.php?rest_route=\/wp\/v2\/posts\/26315\/revisions"}],"predecessor-version":[{"id":26317,"href":"https:\/\/www.lodelmomentoloja.com\/index.php?rest_route=\/wp\/v2\/posts\/26315\/revisions\/26317"}],"wp:featuredmedia":[{"embeddable":true,"href":"https:\/\/www.lodelmomentoloja.com\/index.php?rest_route=\/wp\/v2\/media\/26316"}],"wp:attachment":[{"href":"https:\/\/www.lodelmomentoloja.com\/index.php?rest_route=%2Fwp%2Fv2%2Fmedia&parent=26315"}],"wp:term":[{"taxonomy":"category","embeddable":true,"href":"https:\/\/www.lodelmomentoloja.com\/index.php?rest_route=%2Fwp%2Fv2%2Fcategories&post=26315"},{"taxonomy":"post_tag","embeddable":true,"href":"https:\/\/www.lodelmomentoloja.com\/index.php?rest_route=%2Fwp%2Fv2%2Ftags&post=26315"}],"curies":[{"name":"wp","href":"https:\/\/api.w.org\/{rel}","templated":true}]}}