{"id":2631,"date":"2021-02-22T13:00:04","date_gmt":"2021-02-22T13:00:04","guid":{"rendered":"http:\/\/www.lodelmomentoloja.com\/?p=2631"},"modified":"2021-02-22T18:02:18","modified_gmt":"2021-02-22T18:02:18","slug":"dia-internacional-de-la-encefalitis","status":"publish","type":"post","link":"https:\/\/www.lodelmomentoloja.com\/?p=2631","title":{"rendered":"D\u00eda internacional de la Encefalitis"},"content":{"rendered":"<p>#Internacional | Como todos los a\u00f1os, hoy, 22 de febrero, se conmemora el D\u00eda Mundial de la Encefalitis.<\/p>\n<p>Se trata de una inflamaci\u00f3n del cerebro causada, en la mayor\u00eda de las ocasiones, por un virus que provoca que tu sistema inmune ataque al cerebro por error. Aunque afecta tanto a hombres como a mujeres, son los ni\u00f1os y los ancianos el grupo de edad m\u00e1s propenso a sufrir un caso grave llegando a ser mortal en los casos m\u00e1s extremos o dejando secuelas f\u00edsicas y emocionales considerables.<\/p>\n<p>Los primeros s\u00edntomas son parecidos a un resfriado a los que m\u00e1s tarde se le a\u00f1aden la p\u00e9rdida de conocimiento, la par\u00e1lisis muscular y las convulsiones.<\/p>\n<p>www.lodelmomentoloja.com<br \/>\n#LDMnoticias #lodelmomentolojaLDM<\/p>\n","protected":false},"excerpt":{"rendered":"<p>#Internacional | Como todos los a\u00f1os, hoy, 22 de febrero, se conmemora el D\u00eda Mundial&#8230;<\/p>\n","protected":false},"author":1,"featured_media":2633,"comment_status":"open","ping_status":"open","sticky":false,"template":"","format":"standard","meta":{"footnotes":""},"categories":[1],"tags":[],"class_list":["post-2631","post","type-post","status-publish","format-standard","has-post-thumbnail","hentry","category-inicio"],"_links":{"self":[{"href":"https:\/\/www.lodelmomentoloja.com\/index.php?rest_route=\/wp\/v2\/posts\/2631"}],"collection":[{"href":"https:\/\/www.lodelmomentoloja.com\/index.php?rest_route=\/wp\/v2\/posts"}],"about":[{"href":"https:\/\/www.lodelmomentoloja.com\/index.php?rest_route=\/wp\/v2\/types\/post"}],"author":[{"embeddable":true,"href":"https:\/\/www.lodelmomentoloja.com\/index.php?rest_route=\/wp\/v2\/users\/1"}],"replies":[{"embeddable":true,"href":"https:\/\/www.lodelmomentoloja.com\/index.php?rest_route=%2Fwp%2Fv2%2Fcomments&post=2631"}],"version-history":[{"count":1,"href":"https:\/\/www.lodelmomentoloja.com\/index.php?rest_route=\/wp\/v2\/posts\/2631\/revisions"}],"predecessor-version":[{"id":2634,"href":"https:\/\/www.lodelmomentoloja.com\/index.php?rest_route=\/wp\/v2\/posts\/2631\/revisions\/2634"}],"wp:featuredmedia":[{"embeddable":true,"href":"https:\/\/www.lodelmomentoloja.com\/index.php?rest_route=\/wp\/v2\/media\/2633"}],"wp:attachment":[{"href":"https:\/\/www.lodelmomentoloja.com\/index.php?rest_route=%2Fwp%2Fv2%2Fmedia&parent=2631"}],"wp:term":[{"taxonomy":"category","embeddable":true,"href":"https:\/\/www.lodelmomentoloja.com\/index.php?rest_route=%2Fwp%2Fv2%2Fcategories&post=2631"},{"taxonomy":"post_tag","embeddable":true,"href":"https:\/\/www.lodelmomentoloja.com\/index.php?rest_route=%2Fwp%2Fv2%2Ftags&post=2631"}],"curies":[{"name":"wp","href":"https:\/\/api.w.org\/{rel}","templated":true}]}}