{"id":26308,"date":"2025-05-29T12:23:45","date_gmt":"2025-05-29T12:23:45","guid":{"rendered":"https:\/\/www.lodelmomentoloja.com\/?p=26308"},"modified":"2025-05-29T17:25:04","modified_gmt":"2025-05-29T17:25:04","slug":"feliz-cumpleaos-richard-carapaz","status":"publish","type":"post","link":"https:\/\/www.lodelmomentoloja.com\/?p=26308","title":{"rendered":"FELIZ CUMPLEA\u00d3S RICHARD CARAPAZ"},"content":{"rendered":"<p>Este 29 de mayo, Richard Carapaz \u2018la locomotora de Carchi\u2019 celebra su cumplea\u00f1os n\u00famero 32 en la 108 edici\u00f3n del Giro de Italia, este ciclista ecuatoriano busca repetir la haza\u00f1a conseguida en 2019, al convertirse en el primer ecuatoriano en ganar la Gran Vuelta.<\/p>\n<p>En esta fecha especial, \u2018Richi\u2019 ha centrado sus objetivos en mantener su segundo lugar en la Clasificaci\u00f3n General que lo acerque al podio del Giro. Naci\u00f3 en la parroquia El Carmelo, provincia de Carchi el 29 de mayo de 1993, aunque empez\u00f3 su carrera a los 28 a\u00f1os de edad, ha conseguido grandes triunfos para el ciclismo ecuatoriano, entre ellos:<br \/>\n&#8211; Campe\u00f3n del Giro de Italia (2019)<br \/>\n&#8211; Campe\u00f3n Ol\u00edmpico Tokio (2020)<br \/>\n&#8211; Tercer lugar el Tour de Francia (2021)<br \/>\n&#8211; Subcampe\u00f3n de la Vuelta de Espa\u00f1a (2020)<br \/>\n&#8211; Campe\u00f3n de la monta\u00f1a en la Vuelta a Espa\u00f1a (2022)<\/p>\n<p>Ahora, en el Giro de Italia 2025 pretende marcar un nuevo hito para el deporte ecuatoriano. Carapaz se ubic\u00f3 a 41 segundos detr\u00e1s del l\u00edder de la clasificaci\u00f3n general, el mexicano Isaac del Toro, tras la culminaci\u00f3n de la Etapa 18. A falta de 3 etapas para culminar la competencia, el ecuatoriano busca remontar el marcador y adjudicarse una nueva victoria.<\/p>\n<p>\ud83c\udf10\u2705 S\u00edguenos en nuestra p\u00e1gina verificada: https:\/\/www.facebook.com\/lodelmomentolojaEC<\/p>\n<p>www.lodelmomentoloja.com<br \/>\n#LDMnoticias #lodelmomentolojaLDM<\/p>\n","protected":false},"excerpt":{"rendered":"<p>Este 29 de mayo, Richard Carapaz \u2018la locomotora de Carchi\u2019 celebra su cumplea\u00f1os n\u00famero 32&#8230;<\/p>\n","protected":false},"author":1,"featured_media":26309,"comment_status":"open","ping_status":"open","sticky":false,"template":"","format":"standard","meta":{"footnotes":""},"categories":[7,1,4,5],"tags":[],"class_list":["post-26308","post","type-post","status-publish","format-standard","has-post-thumbnail","hentry","category-ecuador","category-inicio","category-internacional","category-loja"],"_links":{"self":[{"href":"https:\/\/www.lodelmomentoloja.com\/index.php?rest_route=\/wp\/v2\/posts\/26308"}],"collection":[{"href":"https:\/\/www.lodelmomentoloja.com\/index.php?rest_route=\/wp\/v2\/posts"}],"about":[{"href":"https:\/\/www.lodelmomentoloja.com\/index.php?rest_route=\/wp\/v2\/types\/post"}],"author":[{"embeddable":true,"href":"https:\/\/www.lodelmomentoloja.com\/index.php?rest_route=\/wp\/v2\/users\/1"}],"replies":[{"embeddable":true,"href":"https:\/\/www.lodelmomentoloja.com\/index.php?rest_route=%2Fwp%2Fv2%2Fcomments&post=26308"}],"version-history":[{"count":1,"href":"https:\/\/www.lodelmomentoloja.com\/index.php?rest_route=\/wp\/v2\/posts\/26308\/revisions"}],"predecessor-version":[{"id":26310,"href":"https:\/\/www.lodelmomentoloja.com\/index.php?rest_route=\/wp\/v2\/posts\/26308\/revisions\/26310"}],"wp:featuredmedia":[{"embeddable":true,"href":"https:\/\/www.lodelmomentoloja.com\/index.php?rest_route=\/wp\/v2\/media\/26309"}],"wp:attachment":[{"href":"https:\/\/www.lodelmomentoloja.com\/index.php?rest_route=%2Fwp%2Fv2%2Fmedia&parent=26308"}],"wp:term":[{"taxonomy":"category","embeddable":true,"href":"https:\/\/www.lodelmomentoloja.com\/index.php?rest_route=%2Fwp%2Fv2%2Fcategories&post=26308"},{"taxonomy":"post_tag","embeddable":true,"href":"https:\/\/www.lodelmomentoloja.com\/index.php?rest_route=%2Fwp%2Fv2%2Ftags&post=26308"}],"curies":[{"name":"wp","href":"https:\/\/api.w.org\/{rel}","templated":true}]}}