{"id":26302,"date":"2025-05-29T10:13:39","date_gmt":"2025-05-29T10:13:39","guid":{"rendered":"https:\/\/www.lodelmomentoloja.com\/?p=26302"},"modified":"2025-05-29T15:15:32","modified_gmt":"2025-05-29T15:15:32","slug":"utpl-celebro-la-excelencia-academica-con-reconocimientos-a-estudiantes-destacados","status":"publish","type":"post","link":"https:\/\/www.lodelmomentoloja.com\/?p=26302","title":{"rendered":"UTPL CELEBR\u00d3 LA EXCELENCIA ACAD\u00c9MICA CON RECONOCIMIENTOS A ESTUDIANTES DESTACADOS"},"content":{"rendered":"<p>\ud83d\udc68\ud83c\udffb\u200d\ud83c\udf93\ud83c\udfeb\ud83d\udcc4\u00a1Estudiantes destacados! La UTPL en el marco de su quincuag\u00e9simo cuarto aniversario de vida institucional, celebr\u00f3 un acto de reconocimiento a sus estudiantes m\u00e1s destacados, reafirmando as\u00ed su compromiso con la formaci\u00f3n integral y la excelencia acad\u00e9mica.<\/p>\n<p>Durante la ceremonia, realizada en el campus universitario, se condecor\u00f3 a 124 estudiantes que han demostrado un rendimiento acad\u00e9mico sobresaliente en sus respectivas carreras y niveles de formaci\u00f3n. Este homenaje incluy\u00f3 a estudiantes de la Unidad T\u00e9cnica y Tecnol\u00f3gica (4), modalidad presencial (37), modalidad abierta y en l\u00ednea (46), y posgrados (37), quienes representan el esp\u00edritu de esfuerzo, disciplina y superaci\u00f3n que impulsa el desarrollo acad\u00e9mico en la UTPL.<\/p>\n<p>En sus intervenciones, las autoridades universitarias destacaron el valor de la perseverancia y la formaci\u00f3n en valores como ejes fundamentales del crecimiento personal y profesional. Cristina D\u00edaz de la Cruz, vicerrectora de la Modalidad Abierta y a Distancia, motiv\u00f3 a los estudiantes a creer en s\u00ed mismos, tomar decisiones con convicci\u00f3n y actuar con amor en todo lo que emprendan.<\/p>\n<p>Mientras tanto, Rosario de Rivas Manzano, vicerrectora acad\u00e9mica, subray\u00f3: <em>\u201cUstedes han sido formados en una universidad que no cesa en la b\u00fasqueda de la m\u00e1xima calidad acad\u00e9mica, porque son la raz\u00f3n de ser de nuestra misi\u00f3n educativa. Por eso, merecen una formaci\u00f3n de excelencia, tanto en lo profesional como en lo humano.\u201d<\/em><\/p>\n<p>El acto no solo fue un reconocimiento al m\u00e9rito individual, sino tambi\u00e9n una muestra del compromiso institucional de la UTPL con la construcci\u00f3n de una sociedad m\u00e1s justa, \u00e9tica y preparada.<\/p>\n<p>\ud83c\udf10\u2705 S\u00edguenos en nuestra p\u00e1gina verificada: https:\/\/www.facebook.com\/lodelmomentolojaEC<\/p>\n<p>www.lodelmomentoloja.com<br \/>\n<a class=\"x1i10hfl xjbqb8w x1ejq31n xd10rxx x1sy0etr x17r0tee x972fbf xcfux6l x1qhh985 xm0m39n x9f619 x1ypdohk xt0psk2 xe8uvvx xdj266r x11i5rnm xat24cr x1mh8g0r xexx8yu x4uap5 x18d9i69 xkhd6sd x16tdsg8 x1hl2dhg xggy1nq x1a2a7pz  _aa9_ _a6hd\" tabindex=\"0\" role=\"link\" href=\"https:\/\/www.instagram.com\/explore\/tags\/ldmnoticias\/\">#LDMnoticias<\/a>\u00a0<a class=\"x1i10hfl xjbqb8w x1ejq31n xd10rxx x1sy0etr x17r0tee x972fbf xcfux6l x1qhh985 xm0m39n x9f619 x1ypdohk xt0psk2 xe8uvvx xdj266r x11i5rnm xat24cr x1mh8g0r xexx8yu x4uap5 x18d9i69 xkhd6sd x16tdsg8 x1hl2dhg xggy1nq x1a2a7pz  _aa9_ _a6hd\" tabindex=\"0\" role=\"link\" href=\"https:\/\/www.instagram.com\/explore\/tags\/lodelmomentolojaldm\/\">#lodelmomentolojaLDM<\/a><\/p>\n","protected":false},"excerpt":{"rendered":"<p>\ud83d\udc68\ud83c\udffb\u200d\ud83c\udf93\ud83c\udfeb\ud83d\udcc4\u00a1Estudiantes destacados! La UTPL en el marco de su quincuag\u00e9simo cuarto aniversario de vida institucional,&#8230;<\/p>\n","protected":false},"author":1,"featured_media":26303,"comment_status":"open","ping_status":"open","sticky":false,"template":"","format":"standard","meta":{"footnotes":""},"categories":[7,1,5],"tags":[],"class_list":["post-26302","post","type-post","status-publish","format-standard","has-post-thumbnail","hentry","category-ecuador","category-inicio","category-loja"],"_links":{"self":[{"href":"https:\/\/www.lodelmomentoloja.com\/index.php?rest_route=\/wp\/v2\/posts\/26302"}],"collection":[{"href":"https:\/\/www.lodelmomentoloja.com\/index.php?rest_route=\/wp\/v2\/posts"}],"about":[{"href":"https:\/\/www.lodelmomentoloja.com\/index.php?rest_route=\/wp\/v2\/types\/post"}],"author":[{"embeddable":true,"href":"https:\/\/www.lodelmomentoloja.com\/index.php?rest_route=\/wp\/v2\/users\/1"}],"replies":[{"embeddable":true,"href":"https:\/\/www.lodelmomentoloja.com\/index.php?rest_route=%2Fwp%2Fv2%2Fcomments&post=26302"}],"version-history":[{"count":1,"href":"https:\/\/www.lodelmomentoloja.com\/index.php?rest_route=\/wp\/v2\/posts\/26302\/revisions"}],"predecessor-version":[{"id":26304,"href":"https:\/\/www.lodelmomentoloja.com\/index.php?rest_route=\/wp\/v2\/posts\/26302\/revisions\/26304"}],"wp:featuredmedia":[{"embeddable":true,"href":"https:\/\/www.lodelmomentoloja.com\/index.php?rest_route=\/wp\/v2\/media\/26303"}],"wp:attachment":[{"href":"https:\/\/www.lodelmomentoloja.com\/index.php?rest_route=%2Fwp%2Fv2%2Fmedia&parent=26302"}],"wp:term":[{"taxonomy":"category","embeddable":true,"href":"https:\/\/www.lodelmomentoloja.com\/index.php?rest_route=%2Fwp%2Fv2%2Fcategories&post=26302"},{"taxonomy":"post_tag","embeddable":true,"href":"https:\/\/www.lodelmomentoloja.com\/index.php?rest_route=%2Fwp%2Fv2%2Ftags&post=26302"}],"curies":[{"name":"wp","href":"https:\/\/api.w.org\/{rel}","templated":true}]}}