{"id":26286,"date":"2025-05-28T12:15:55","date_gmt":"2025-05-28T12:15:55","guid":{"rendered":"https:\/\/www.lodelmomentoloja.com\/?p=26286"},"modified":"2025-05-28T17:19:15","modified_gmt":"2025-05-28T17:19:15","slug":"mediante-decretos-ejecutivos-daniel-noboa-designo-a-su-gabinete-ministerial","status":"publish","type":"post","link":"https:\/\/www.lodelmomentoloja.com\/?p=26286","title":{"rendered":"Mediante Decretos Ejecutivos Daniel Noboa design\u00f3 a su Gabinete Ministerial."},"content":{"rendered":"<p>\ud83c\uddea\ud83c\udde8\u270d\ud83c\udffb\ud83d\udde3\ufe0f \u00a1Por 4 a\u00f1os m\u00e1s! Tres d\u00edas despu\u00e9s de su posesi\u00f3n en la Asamblea Nacional, el presidente Daniel Noboa firm\u00f3 una serie de decretos el martes 27 de mayo, para conformar a su Gabinete Ministerial que lo acompa\u00f1ar\u00e1 en su nuevo mandato. Aunque se habr\u00eda advertido sorpresas, Noboa ratific\u00f3 a 25 de sus funcionarios que lo acompa\u00f1aron en su anterior Gobierno, adem\u00e1s titulariz\u00f3 en su cargo a funcionarios encargados y contar\u00e1 con figuras nuevas \u00bfDe qui\u00e9nes se trata?<\/p>\n<div style=\"width: 640px;\" class=\"wp-video\"><!--[if lt IE 9]><script>document.createElement('video');<\/script><![endif]-->\n<video class=\"wp-video-shortcode\" id=\"video-26286-1\" width=\"640\" height=\"360\" preload=\"metadata\" controls=\"controls\"><source type=\"video\/mp4\" src=\"http:\/\/www.lodelmomentoloja.com\/wp-content\/uploads\/2025\/05\/GABINETE-MINISTERIAL-REDUCIDO.mp4?_=1\" \/><a href=\"http:\/\/www.lodelmomentoloja.com\/wp-content\/uploads\/2025\/05\/GABINETE-MINISTERIAL-REDUCIDO.mp4\">http:\/\/www.lodelmomentoloja.com\/wp-content\/uploads\/2025\/05\/GABINETE-MINISTERIAL-REDUCIDO.mp4<\/a><\/video><\/div>\n<p>&nbsp;<\/p>\n<p>Aunque se habr\u00eda advertido sorpresas, Noboa ratific\u00f3 a 25 de sus funcionarios que lo acompa\u00f1aron en su anterior Gobierno, puesto que, la mayor\u00eda de ministros y secretarios permanecer\u00e1n en sus puestos y, el primer mandatario ratific\u00f3 en sus cargos a:<\/p>\n<p>1. Stalin Andino como Secretario General Jur\u00eddico de la Presidencia<br \/>\n2. Cynthia Gellibert como Secretaria General de la Administraci\u00f3n P\u00fablica y Gabinete<br \/>\n3. Jos\u00e9 De La Gasca, Ministro de Gobierno<br \/>\n4. Mar\u00eda Gabriela Sommerfeld, Ministra de Relaciones Exteriores y Movilidad Humana<br \/>\n5. Gian Carlo Loffredo, Ministro de Defensa Nacional<br \/>\n6. Sahira Bel\u00e9n Moya, Ministra de Econom\u00eda y Finanzas<br \/>\n7. John Reimberg como Ministro del Interior<br \/>\n8. Alegr\u00eda Crespo Ministra de Educaci\u00f3n<br \/>\n9. Roberto Luque, Ministro de Transporte y Obras P\u00fablicas<br \/>\n10. Ivonne N\u00fa\u00f1ez, Ministra de Trabajo<br \/>\n11. Franklin Palacios, Ministro de Agricultura y Ganader\u00eda<br \/>\n12. Luis Alberto Jaramillo, Ministro de la Producci\u00f3n, Comercio Exterior, Inversiones y Pesca<br \/>\n13. In\u00e9s Manzano, Ministra de Energ\u00eda y Minas<br \/>\n14. Humberto Plaza, Ministro de Desarrollo Urbano y Vivienda.<br \/>\n15. Jos\u00e9 Jim\u00e9nez, Ministro del Deporte<br \/>\n16. Romina Mu\u00f1oz, Ministra de Cultura y Patrimonio<br \/>\n17. Roberto Kury, Ministro de Telecomunicaciones y Sociedad de la Informaci\u00f3n<br \/>\n18. Arianna Tanca, Ministra de la Mujer y Derechos Humanos<br \/>\n19. Marissa Pendola como Secretar\u00eda General Administrativa de la Presidencia<br \/>\n20. C\u00e9sar V\u00e1squez, Secretario de Educaci\u00f3n, Superior, Ciencia, Tecnolog\u00eda e Innovaci\u00f3n (Senecyt)<br \/>\n21. Julia Angulo, Secretaria de Gesti\u00f3n y Desarrollo de Pueblo y Nacionalidades<br \/>\n22. Jorge Carrillo, Secretario de Gesti\u00f3n de Riesgos<br \/>\n23. Irene V\u00e9lez, Secretar\u00eda General de Comunicaci\u00f3n de la Presidencia<br \/>\n24. Jos\u00e9 Neeira, Secretario General de la Integridad P\u00fablica<br \/>\n25. Michele Contugi Ycaza, Directora del Centro de Inteligencia Estrat\u00e9gica<\/p>\n<p>Sin embargo, el Gabinete tambi\u00e9n tendr\u00e1 rostros nuevos en tres departamentos<br \/>\n&#8211; Diana Ram\u00edrez Villacis como Secretaria Nacional de Planificaci\u00f3n<br \/>\n&#8211; Juan Bernardo S\u00e1nchez como Ministro de Salud<br \/>\n&#8211; Mar\u00eda Luisa Cruz como Ministra de Ambiente, la profesional lojana que, anteriormente se desempe\u00f1aba como viceministra del agua ahora estar\u00e1 al frente de la cartera de Estado.<\/p>\n<p>Tambi\u00e9n titulariz\u00f3 a funcionarios que se encontraban a cargo de algunas entidades, tal como<br \/>\n&#8211; Mar\u00eda de Lourdes Mu\u00f1oz como Secretaria T\u00e9cnica Ecuador Crece sin Desnutrici\u00f3n Infantil<br \/>\n&#8211; Harol Andr\u00e9s Villareal como Ministro de Inclusi\u00f3n Econ\u00f3mica y Social<br \/>\n&#8211; Mateo Juli\u00e1n Estrella como Ministro de Turismo<\/p>\n<p>Sin embargo, tambi\u00e9n hay entidades que no han sido mencionadas a\u00fan, como Servicio de Atenci\u00f3n a Privados de la Libertad, Rentas Internas y Aduanas, mismos que se conocer\u00e1n en los pr\u00f3ximos d\u00edas.<\/p>\n<p>Noticia completa \ud83d\udcf2 https:\/\/youtu.be\/EgfwDt7-njY<\/p>\n<p>\ud83c\udf10\u2705 S\u00edguenos en nuestra p\u00e1gina verificada: https:\/\/www.facebook.com\/lodelmomentolojaEC<\/p>\n<p>www.lodelmomentoloja.com<br \/>\n#LDMnoticias #lodelmomentolojaLDM<\/p>\n","protected":false},"excerpt":{"rendered":"<p>\ud83c\uddea\ud83c\udde8\u270d\ud83c\udffb\ud83d\udde3\ufe0f \u00a1Por 4 a\u00f1os m\u00e1s! Tres d\u00edas despu\u00e9s de su posesi\u00f3n en la Asamblea Nacional,&#8230;<\/p>\n","protected":false},"author":1,"featured_media":26288,"comment_status":"open","ping_status":"open","sticky":false,"template":"","format":"standard","meta":{"footnotes":""},"categories":[7,1,4,5,6],"tags":[],"class_list":["post-26286","post","type-post","status-publish","format-standard","has-post-thumbnail","hentry","category-ecuador","category-inicio","category-internacional","category-loja","category-zamora"],"_links":{"self":[{"href":"https:\/\/www.lodelmomentoloja.com\/index.php?rest_route=\/wp\/v2\/posts\/26286"}],"collection":[{"href":"https:\/\/www.lodelmomentoloja.com\/index.php?rest_route=\/wp\/v2\/posts"}],"about":[{"href":"https:\/\/www.lodelmomentoloja.com\/index.php?rest_route=\/wp\/v2\/types\/post"}],"author":[{"embeddable":true,"href":"https:\/\/www.lodelmomentoloja.com\/index.php?rest_route=\/wp\/v2\/users\/1"}],"replies":[{"embeddable":true,"href":"https:\/\/www.lodelmomentoloja.com\/index.php?rest_route=%2Fwp%2Fv2%2Fcomments&post=26286"}],"version-history":[{"count":1,"href":"https:\/\/www.lodelmomentoloja.com\/index.php?rest_route=\/wp\/v2\/posts\/26286\/revisions"}],"predecessor-version":[{"id":26289,"href":"https:\/\/www.lodelmomentoloja.com\/index.php?rest_route=\/wp\/v2\/posts\/26286\/revisions\/26289"}],"wp:featuredmedia":[{"embeddable":true,"href":"https:\/\/www.lodelmomentoloja.com\/index.php?rest_route=\/wp\/v2\/media\/26288"}],"wp:attachment":[{"href":"https:\/\/www.lodelmomentoloja.com\/index.php?rest_route=%2Fwp%2Fv2%2Fmedia&parent=26286"}],"wp:term":[{"taxonomy":"category","embeddable":true,"href":"https:\/\/www.lodelmomentoloja.com\/index.php?rest_route=%2Fwp%2Fv2%2Fcategories&post=26286"},{"taxonomy":"post_tag","embeddable":true,"href":"https:\/\/www.lodelmomentoloja.com\/index.php?rest_route=%2Fwp%2Fv2%2Ftags&post=26286"}],"curies":[{"name":"wp","href":"https:\/\/api.w.org\/{rel}","templated":true}]}}