{"id":2628,"date":"2021-02-22T11:00:43","date_gmt":"2021-02-22T11:00:43","guid":{"rendered":"http:\/\/www.lodelmomentoloja.com\/?p=2628"},"modified":"2021-02-22T17:04:59","modified_gmt":"2021-02-22T17:04:59","slug":"pachakutik-lidera-preferencia-presidencial-en-loja","status":"publish","type":"post","link":"https:\/\/www.lodelmomentoloja.com\/?p=2628","title":{"rendered":"Pachakutik lidera preferencia presidencial en Loja"},"content":{"rendered":"<p>#Loja | Pachakutik lidera la preferencia presidencial en la Provincia de Loja<\/p>\n<p>La madrugada de este domingo 21 de febrero de 2021, el Consejo Nacional Electoral declar\u00f3 oficialmente los resultados de las elecciones del pasado 7 de febrero del 2021. Los dos candidatos que pasan a segunda vuelta presidencial son Andr\u00e9s Arauz (UNES) con el 32,72% frente al candidato de CREO\/PSC, Guillermo Lasso con el 19,74% quienes participaran en las elecciones del pr\u00f3ximo 11 de abril de 2021.<\/p>\n<p>En la Provincia de Loja los resultados presidenciales fueron as\u00ed:<br \/>\nYaku P\u00e9rez con el 30,47% (86.021 votos)<br \/>\nXavier Hervas con el 26,16% (73.851 votos)<br \/>\nAndr\u00e9s Arauz con el 19,26% (54.378 votos)<br \/>\nGuillermo Lasso con el 17,17% (48.465 votos)<\/p>\n<p>En base a estos resultados por el arrastre presidencial permiti\u00f3 que cada presidenciable lleva un asamble\u00edsta a la Asamblea Nacional en representaci\u00f3n de la Provincia de Loja en el siguiente orden:<br \/>\nManuel Medina con el 18,50% (45.347 votos)<br \/>\nJhoana Ortiz con el 16,63% (40.763 votos)<br \/>\nLucia Placencia con el 14,82% (36.316 votos)<br \/>\nByron Maldonado con el 10,83% (26.550 votos)<\/p>\n<p>Pese a que el candidato Yaku P\u00e9rez de Pachakutik, con el 19,39% seg\u00fan los resultados oficiales del CNE, no alcanz\u00f3 a llegar a la segunda vuelta presidencial, en la Provincia de Loja, termina siendo la primera fuerza pol\u00edtica, dejando atr\u00e1s al Movimiento Pol\u00edtico de oposici\u00f3n CREO, el cual hace cuatro a\u00f1os atr\u00e1s, lideraba la primera fuerza pol\u00edtica en la provincia bajo el mando del Ing. Rafael D\u00e1vila, Prefecto de Loja.<\/p>\n<p style=\"text-align: center;\">www.lodelmomentoloja.com<br \/>\n#LDMnoticias #lodelmomentolojaLDM<\/p>\n","protected":false},"excerpt":{"rendered":"<p>#Loja | Pachakutik lidera la preferencia presidencial en la Provincia de Loja La madrugada de&#8230;<\/p>\n","protected":false},"author":1,"featured_media":2629,"comment_status":"open","ping_status":"open","sticky":false,"template":"","format":"standard","meta":{"footnotes":""},"categories":[1],"tags":[],"class_list":["post-2628","post","type-post","status-publish","format-standard","has-post-thumbnail","hentry","category-inicio"],"_links":{"self":[{"href":"https:\/\/www.lodelmomentoloja.com\/index.php?rest_route=\/wp\/v2\/posts\/2628"}],"collection":[{"href":"https:\/\/www.lodelmomentoloja.com\/index.php?rest_route=\/wp\/v2\/posts"}],"about":[{"href":"https:\/\/www.lodelmomentoloja.com\/index.php?rest_route=\/wp\/v2\/types\/post"}],"author":[{"embeddable":true,"href":"https:\/\/www.lodelmomentoloja.com\/index.php?rest_route=\/wp\/v2\/users\/1"}],"replies":[{"embeddable":true,"href":"https:\/\/www.lodelmomentoloja.com\/index.php?rest_route=%2Fwp%2Fv2%2Fcomments&post=2628"}],"version-history":[{"count":1,"href":"https:\/\/www.lodelmomentoloja.com\/index.php?rest_route=\/wp\/v2\/posts\/2628\/revisions"}],"predecessor-version":[{"id":2630,"href":"https:\/\/www.lodelmomentoloja.com\/index.php?rest_route=\/wp\/v2\/posts\/2628\/revisions\/2630"}],"wp:featuredmedia":[{"embeddable":true,"href":"https:\/\/www.lodelmomentoloja.com\/index.php?rest_route=\/wp\/v2\/media\/2629"}],"wp:attachment":[{"href":"https:\/\/www.lodelmomentoloja.com\/index.php?rest_route=%2Fwp%2Fv2%2Fmedia&parent=2628"}],"wp:term":[{"taxonomy":"category","embeddable":true,"href":"https:\/\/www.lodelmomentoloja.com\/index.php?rest_route=%2Fwp%2Fv2%2Fcategories&post=2628"},{"taxonomy":"post_tag","embeddable":true,"href":"https:\/\/www.lodelmomentoloja.com\/index.php?rest_route=%2Fwp%2Fv2%2Ftags&post=2628"}],"curies":[{"name":"wp","href":"https:\/\/api.w.org\/{rel}","templated":true}]}}