{"id":26276,"date":"2025-05-28T10:40:57","date_gmt":"2025-05-28T10:40:57","guid":{"rendered":"https:\/\/www.lodelmomentoloja.com\/?p=26276"},"modified":"2025-05-28T16:41:59","modified_gmt":"2025-05-28T16:41:59","slug":"lojana-maria-luisa-cruz-es-designada-nueva-ministra-del-ambiente-agua-y-transicion-ecologica","status":"publish","type":"post","link":"https:\/\/www.lodelmomentoloja.com\/?p=26276","title":{"rendered":"LOJANA MAR\u00cdA LUISA CRUZ ES DESIGNADA NUEVA MINISTRA DEL AMBIENTE, AGUA Y TRANSICI\u00d3N ECOL\u00d3GICA."},"content":{"rendered":"<p>\ud83c\udf0e\ud83c\udf3f\ud83c\udf0a\u00a1Digna representante! A trav\u00e9s del Decreto Ejecutivo N\u00b0 10, el presidente Daniel Noboa design\u00f3 a la ciudadana lojana Ing. Mar\u00eda Luisa Cruz Riofr\u00edo como nueva ministra del Ambiente, Agua y Transici\u00f3n Ecol\u00f3gica. Cruz ven\u00eda desempe\u00f1\u00e1ndose en el cargo de viceministra del Agua, donde, seg\u00fan la instituci\u00f3n, luch\u00f3 por un acceso m\u00e1s equitativo por el l\u00edquido vital y promovi\u00f3 el reciclaje.<\/p>\n<p>Cabe destacar que la hoy ministra, form\u00f3 parte del equipo de la cartera de Estado que estuvo en Esmeraldas emprendiendo acciones para contener los efectos del derrame de petr\u00f3leo, suscitado a inicios de marzo.<\/p>\n<p>\ud83c\udf10\u2705 S\u00edguenos en nuestra p\u00e1gina verificada: https:\/\/www.facebook.com\/lodelmomentolojaEC<\/p>\n<p>www.lodelmomentoloja.com<br \/>\n<a class=\"x1i10hfl xjbqb8w x1ejq31n xd10rxx x1sy0etr x17r0tee x972fbf xcfux6l x1qhh985 xm0m39n x9f619 x1ypdohk xt0psk2 xe8uvvx xdj266r x11i5rnm xat24cr x1mh8g0r xexx8yu x4uap5 x18d9i69 xkhd6sd x16tdsg8 x1hl2dhg xggy1nq x1a2a7pz  _aa9_ _a6hd\" tabindex=\"0\" role=\"link\" href=\"https:\/\/www.instagram.com\/explore\/tags\/ldmnoticias\/\">#LDMnoticias<\/a>\u00a0<a class=\"x1i10hfl xjbqb8w x1ejq31n xd10rxx x1sy0etr x17r0tee x972fbf xcfux6l x1qhh985 xm0m39n x9f619 x1ypdohk xt0psk2 xe8uvvx xdj266r x11i5rnm xat24cr x1mh8g0r xexx8yu x4uap5 x18d9i69 xkhd6sd x16tdsg8 x1hl2dhg xggy1nq x1a2a7pz  _aa9_ _a6hd\" tabindex=\"0\" role=\"link\" href=\"https:\/\/www.instagram.com\/explore\/tags\/lodelmomentolojaldm\/\">#lodelmomentolojaLDM<\/a><\/p>\n","protected":false},"excerpt":{"rendered":"<p>\ud83c\udf0e\ud83c\udf3f\ud83c\udf0a\u00a1Digna representante! A trav\u00e9s del Decreto Ejecutivo N\u00b0 10, el presidente Daniel Noboa design\u00f3 a&#8230;<\/p>\n","protected":false},"author":1,"featured_media":26277,"comment_status":"open","ping_status":"open","sticky":false,"template":"","format":"standard","meta":{"footnotes":""},"categories":[7,1,4,5],"tags":[],"class_list":["post-26276","post","type-post","status-publish","format-standard","has-post-thumbnail","hentry","category-ecuador","category-inicio","category-internacional","category-loja"],"_links":{"self":[{"href":"https:\/\/www.lodelmomentoloja.com\/index.php?rest_route=\/wp\/v2\/posts\/26276"}],"collection":[{"href":"https:\/\/www.lodelmomentoloja.com\/index.php?rest_route=\/wp\/v2\/posts"}],"about":[{"href":"https:\/\/www.lodelmomentoloja.com\/index.php?rest_route=\/wp\/v2\/types\/post"}],"author":[{"embeddable":true,"href":"https:\/\/www.lodelmomentoloja.com\/index.php?rest_route=\/wp\/v2\/users\/1"}],"replies":[{"embeddable":true,"href":"https:\/\/www.lodelmomentoloja.com\/index.php?rest_route=%2Fwp%2Fv2%2Fcomments&post=26276"}],"version-history":[{"count":1,"href":"https:\/\/www.lodelmomentoloja.com\/index.php?rest_route=\/wp\/v2\/posts\/26276\/revisions"}],"predecessor-version":[{"id":26278,"href":"https:\/\/www.lodelmomentoloja.com\/index.php?rest_route=\/wp\/v2\/posts\/26276\/revisions\/26278"}],"wp:featuredmedia":[{"embeddable":true,"href":"https:\/\/www.lodelmomentoloja.com\/index.php?rest_route=\/wp\/v2\/media\/26277"}],"wp:attachment":[{"href":"https:\/\/www.lodelmomentoloja.com\/index.php?rest_route=%2Fwp%2Fv2%2Fmedia&parent=26276"}],"wp:term":[{"taxonomy":"category","embeddable":true,"href":"https:\/\/www.lodelmomentoloja.com\/index.php?rest_route=%2Fwp%2Fv2%2Fcategories&post=26276"},{"taxonomy":"post_tag","embeddable":true,"href":"https:\/\/www.lodelmomentoloja.com\/index.php?rest_route=%2Fwp%2Fv2%2Ftags&post=26276"}],"curies":[{"name":"wp","href":"https:\/\/api.w.org\/{rel}","templated":true}]}}