{"id":26273,"date":"2025-05-28T08:38:21","date_gmt":"2025-05-28T08:38:21","guid":{"rendered":"https:\/\/www.lodelmomentoloja.com\/?p=26273"},"modified":"2025-05-28T16:40:42","modified_gmt":"2025-05-28T16:40:42","slug":"ministra-de-energia-y-minas-se-reunio-con-embajador-de-noruega","status":"publish","type":"post","link":"https:\/\/www.lodelmomentoloja.com\/?p=26273","title":{"rendered":"MINISTRA DE ENERG\u00cdA Y MINAS SE REUNI\u00d3 CON EMBAJADOR DE NORUEGA"},"content":{"rendered":"<p>\ud83c\uddea\ud83c\udde8\ud83e\udd1d\ud83c\udffb\ud83c\uddf3\ud83c\uddf4\u00a1Una gran reuni\u00f3n! La ministra de Energ\u00eda y Minas, In\u00e9s Manzano se reuni\u00f3 con el Embajador de Noruega, Nils Martin Gunneng, con el fin de dialogar sobre las oportunidades de cooperaci\u00f3n en los sectores el\u00e9ctrico, hidrocarbur\u00edfero y minero, para con ello captar inversiones para el desarrollo sostenible en estas \u00e1reas. Adem\u00e1s analizaron posibles sinergias en sectores estrat\u00e9gicos que maneja este Ministerio, destacando el inter\u00e9s del fondo de inversi\u00f3n noruego (Norfund) para invertir recursos que viabilicen el desarrollo sostenible, con el financiamiento de proyectos estrat\u00e9gicos en el pa\u00eds.<\/p>\n<p>S\u00edguenos en nuestra p\u00e1gina verificada: https:\/\/www.facebook.com\/lodelmomentolojaEC<\/p>\n<p>www.lodelmomentoloja.com<br \/>\n<a class=\"x1i10hfl xjbqb8w x1ejq31n xd10rxx x1sy0etr x17r0tee x972fbf xcfux6l x1qhh985 xm0m39n x9f619 x1ypdohk xt0psk2 xe8uvvx xdj266r x11i5rnm xat24cr x1mh8g0r xexx8yu x4uap5 x18d9i69 xkhd6sd x16tdsg8 x1hl2dhg xggy1nq x1a2a7pz  _aa9_ _a6hd\" tabindex=\"0\" role=\"link\" href=\"https:\/\/www.instagram.com\/explore\/tags\/ldmnoticias\/\">#LDMnoticias<\/a>\u00a0<a class=\"x1i10hfl xjbqb8w x1ejq31n xd10rxx x1sy0etr x17r0tee x972fbf xcfux6l x1qhh985 xm0m39n x9f619 x1ypdohk xt0psk2 xe8uvvx xdj266r x11i5rnm xat24cr x1mh8g0r xexx8yu x4uap5 x18d9i69 xkhd6sd x16tdsg8 x1hl2dhg xggy1nq x1a2a7pz  _aa9_ _a6hd\" tabindex=\"0\" role=\"link\" href=\"https:\/\/www.instagram.com\/explore\/tags\/lodelmomentolojaldm\/\">#lodelmomentolojaLDM<\/a><\/p>\n","protected":false},"excerpt":{"rendered":"<p>\ud83c\uddea\ud83c\udde8\ud83e\udd1d\ud83c\udffb\ud83c\uddf3\ud83c\uddf4\u00a1Una gran reuni\u00f3n! La ministra de Energ\u00eda y Minas, In\u00e9s Manzano se reuni\u00f3 con el&#8230;<\/p>\n","protected":false},"author":1,"featured_media":26274,"comment_status":"open","ping_status":"open","sticky":false,"template":"","format":"standard","meta":{"footnotes":""},"categories":[7,1,4],"tags":[],"class_list":["post-26273","post","type-post","status-publish","format-standard","has-post-thumbnail","hentry","category-ecuador","category-inicio","category-internacional"],"_links":{"self":[{"href":"https:\/\/www.lodelmomentoloja.com\/index.php?rest_route=\/wp\/v2\/posts\/26273"}],"collection":[{"href":"https:\/\/www.lodelmomentoloja.com\/index.php?rest_route=\/wp\/v2\/posts"}],"about":[{"href":"https:\/\/www.lodelmomentoloja.com\/index.php?rest_route=\/wp\/v2\/types\/post"}],"author":[{"embeddable":true,"href":"https:\/\/www.lodelmomentoloja.com\/index.php?rest_route=\/wp\/v2\/users\/1"}],"replies":[{"embeddable":true,"href":"https:\/\/www.lodelmomentoloja.com\/index.php?rest_route=%2Fwp%2Fv2%2Fcomments&post=26273"}],"version-history":[{"count":1,"href":"https:\/\/www.lodelmomentoloja.com\/index.php?rest_route=\/wp\/v2\/posts\/26273\/revisions"}],"predecessor-version":[{"id":26275,"href":"https:\/\/www.lodelmomentoloja.com\/index.php?rest_route=\/wp\/v2\/posts\/26273\/revisions\/26275"}],"wp:featuredmedia":[{"embeddable":true,"href":"https:\/\/www.lodelmomentoloja.com\/index.php?rest_route=\/wp\/v2\/media\/26274"}],"wp:attachment":[{"href":"https:\/\/www.lodelmomentoloja.com\/index.php?rest_route=%2Fwp%2Fv2%2Fmedia&parent=26273"}],"wp:term":[{"taxonomy":"category","embeddable":true,"href":"https:\/\/www.lodelmomentoloja.com\/index.php?rest_route=%2Fwp%2Fv2%2Fcategories&post=26273"},{"taxonomy":"post_tag","embeddable":true,"href":"https:\/\/www.lodelmomentoloja.com\/index.php?rest_route=%2Fwp%2Fv2%2Ftags&post=26273"}],"curies":[{"name":"wp","href":"https:\/\/api.w.org\/{rel}","templated":true}]}}