{"id":26261,"date":"2025-05-27T11:53:46","date_gmt":"2025-05-27T11:53:46","guid":{"rendered":"https:\/\/www.lodelmomentoloja.com\/?p=26261"},"modified":"2025-05-27T16:55:28","modified_gmt":"2025-05-27T16:55:28","slug":"darwin-avendano-llega-una-vez-mas-al-gad-loja","status":"publish","type":"post","link":"https:\/\/www.lodelmomentoloja.com\/?p=26261","title":{"rendered":"DARWIN AVENDA\u00d1O LLEGA UNA VEZ M\u00c1S AL GAD LOJA"},"content":{"rendered":"<p>\ud83d\udc04\ud83e\udd21\ud83d\udc89 \u00a1&#8221;El m\u00e1s querido&#8221;! En esta semana varios funcionarios del Municipio de Loja han notificado a este medio digital sobre la llegada de Darwin Avenda\u00f1o, ex asesor de Picoita y Quezada, este actor pol\u00edtico ya estuvo ocupando el cargo de asesor en el primer a\u00f1o de la actual administraci\u00f3n del Alcalde Franco Quezada, y entre sus actos m\u00e1s visibles fue la denuncia a 8 de 11 ediles, acci\u00f3n que fue desestimada y le capitaliz\u00f3 la mayor\u00eda de oposici\u00f3n al ejecutivo. A\u00fan no se conoce si desempe\u00f1ar\u00e1 el rol de asesor o alguno en particular, pero se encuentra ocupando hasta la oficina donde antes laboraba y en reuniones en general.<\/p>\n<p>\u00bfSer\u00e1 esta la carta que busca Quezada o el fin de su administraci\u00f3n?<\/p>\n<p>\ud83c\udf10\u2705 S\u00edguenos en nuestra p\u00e1gina verificada: https:\/\/www.facebook.com\/lodelmomentolojaEC<\/p>\n<p>www.lodelmomentoloja.com<br \/>\n<a class=\"x1i10hfl xjbqb8w x1ejq31n xd10rxx x1sy0etr x17r0tee x972fbf xcfux6l x1qhh985 xm0m39n x9f619 x1ypdohk xt0psk2 xe8uvvx xdj266r x11i5rnm xat24cr x1mh8g0r xexx8yu x4uap5 x18d9i69 xkhd6sd x16tdsg8 x1hl2dhg xggy1nq x1a2a7pz  _aa9_ _a6hd\" tabindex=\"0\" role=\"link\" href=\"https:\/\/www.instagram.com\/explore\/tags\/ldmnoticias\/\">#LDMnoticias<\/a>\u00a0<a class=\"x1i10hfl xjbqb8w x1ejq31n xd10rxx x1sy0etr x17r0tee x972fbf xcfux6l x1qhh985 xm0m39n x9f619 x1ypdohk xt0psk2 xe8uvvx xdj266r x11i5rnm xat24cr x1mh8g0r xexx8yu x4uap5 x18d9i69 xkhd6sd x16tdsg8 x1hl2dhg xggy1nq x1a2a7pz  _aa9_ _a6hd\" tabindex=\"0\" role=\"link\" href=\"https:\/\/www.instagram.com\/explore\/tags\/lodelmomentolojaldm\/\">#lodelmomentolojaLDM<\/a><\/p>\n","protected":false},"excerpt":{"rendered":"<p>\ud83d\udc04\ud83e\udd21\ud83d\udc89 \u00a1&#8221;El m\u00e1s querido&#8221;! En esta semana varios funcionarios del Municipio de Loja han notificado&#8230;<\/p>\n","protected":false},"author":1,"featured_media":26262,"comment_status":"open","ping_status":"open","sticky":false,"template":"","format":"standard","meta":{"footnotes":""},"categories":[7,1,5],"tags":[],"class_list":["post-26261","post","type-post","status-publish","format-standard","has-post-thumbnail","hentry","category-ecuador","category-inicio","category-loja"],"_links":{"self":[{"href":"https:\/\/www.lodelmomentoloja.com\/index.php?rest_route=\/wp\/v2\/posts\/26261"}],"collection":[{"href":"https:\/\/www.lodelmomentoloja.com\/index.php?rest_route=\/wp\/v2\/posts"}],"about":[{"href":"https:\/\/www.lodelmomentoloja.com\/index.php?rest_route=\/wp\/v2\/types\/post"}],"author":[{"embeddable":true,"href":"https:\/\/www.lodelmomentoloja.com\/index.php?rest_route=\/wp\/v2\/users\/1"}],"replies":[{"embeddable":true,"href":"https:\/\/www.lodelmomentoloja.com\/index.php?rest_route=%2Fwp%2Fv2%2Fcomments&post=26261"}],"version-history":[{"count":1,"href":"https:\/\/www.lodelmomentoloja.com\/index.php?rest_route=\/wp\/v2\/posts\/26261\/revisions"}],"predecessor-version":[{"id":26263,"href":"https:\/\/www.lodelmomentoloja.com\/index.php?rest_route=\/wp\/v2\/posts\/26261\/revisions\/26263"}],"wp:featuredmedia":[{"embeddable":true,"href":"https:\/\/www.lodelmomentoloja.com\/index.php?rest_route=\/wp\/v2\/media\/26262"}],"wp:attachment":[{"href":"https:\/\/www.lodelmomentoloja.com\/index.php?rest_route=%2Fwp%2Fv2%2Fmedia&parent=26261"}],"wp:term":[{"taxonomy":"category","embeddable":true,"href":"https:\/\/www.lodelmomentoloja.com\/index.php?rest_route=%2Fwp%2Fv2%2Fcategories&post=26261"},{"taxonomy":"post_tag","embeddable":true,"href":"https:\/\/www.lodelmomentoloja.com\/index.php?rest_route=%2Fwp%2Fv2%2Ftags&post=26261"}],"curies":[{"name":"wp","href":"https:\/\/api.w.org\/{rel}","templated":true}]}}