{"id":26252,"date":"2025-05-27T09:11:21","date_gmt":"2025-05-27T09:11:21","guid":{"rendered":"https:\/\/www.lodelmomentoloja.com\/?p=26252"},"modified":"2025-05-27T15:13:44","modified_gmt":"2025-05-27T15:13:44","slug":"conductor-fue-detenido-por-llevar-exceso-de-pasajeros-en-via-vilcabamba-loja","status":"publish","type":"post","link":"https:\/\/www.lodelmomentoloja.com\/?p=26252","title":{"rendered":"CONDUCTOR FUE DETENIDO POR LLEVAR EXCESO DE PASAJEROS EN V\u00cdA VILCABAMBA &#8211; LOJA"},"content":{"rendered":"<p>\ud83d\ude31\ud83d\udcdd\ud83d\udea8\u00a1A prisi\u00f3n preventiva! Desde la Direcci\u00f3n de Movilidad, Tr\u00e1nsito y Transporte, se pone a conocimiento que durante el fin de semana, a trav\u00e9s de controles permanentes en las v\u00edas del cant\u00f3n Loja, agentes de tr\u00e1nsito procedieron a la detenci\u00f3n de un conductor que llevaba 76 personas (exceso de pasajeros) en una unidad del transporte p\u00fablico que cubr\u00eda la ruta Vilcabamba \u2013 Loja, mismo que fue puesto a \u00f3rdenes de la autoridad competente.<\/p>\n<p>Cabe recalcar que trata de una contravenci\u00f3n del art\u00edculo 381 del COIP: \u201cLa persona que conduzca un veh\u00edculo de transporte p\u00fablico, internacional, intrarregional, interprovincial, intraprovincial con exceso de pasajeros, ser\u00e1 sancionada con pena privativa de libertad de seis meses a un a\u00f1o, suspensi\u00f3n de la licencia de conducir por el mismo plazo.\u201d<\/p>\n<p>\ud83c\udf10\u2705 S\u00edguenos en nuestra p\u00e1gina verificada: https:\/\/www.facebook.com\/lodelmomentolojaEC<\/p>\n<p>www.lodelmomentoloja.com<br \/>\n<a class=\"x1i10hfl xjbqb8w x1ejq31n xd10rxx x1sy0etr x17r0tee x972fbf xcfux6l x1qhh985 xm0m39n x9f619 x1ypdohk xt0psk2 xe8uvvx xdj266r x11i5rnm xat24cr x1mh8g0r xexx8yu x4uap5 x18d9i69 xkhd6sd x16tdsg8 x1hl2dhg xggy1nq x1a2a7pz  _aa9_ _a6hd\" tabindex=\"0\" role=\"link\" href=\"https:\/\/www.instagram.com\/explore\/tags\/ldmnoticias\/\">#LDMnoticias<\/a>\u00a0<a class=\"x1i10hfl xjbqb8w x1ejq31n xd10rxx x1sy0etr x17r0tee x972fbf xcfux6l x1qhh985 xm0m39n x9f619 x1ypdohk xt0psk2 xe8uvvx xdj266r x11i5rnm xat24cr x1mh8g0r xexx8yu x4uap5 x18d9i69 xkhd6sd x16tdsg8 x1hl2dhg xggy1nq x1a2a7pz  _aa9_ _a6hd\" tabindex=\"0\" role=\"link\" href=\"https:\/\/www.instagram.com\/explore\/tags\/lodelmomentolojaldm\/\">#lodelmomentolojaLDM<\/a><\/p>\n","protected":false},"excerpt":{"rendered":"<p>\ud83d\ude31\ud83d\udcdd\ud83d\udea8\u00a1A prisi\u00f3n preventiva! Desde la Direcci\u00f3n de Movilidad, Tr\u00e1nsito y Transporte, se pone a conocimiento&#8230;<\/p>\n","protected":false},"author":1,"featured_media":26253,"comment_status":"open","ping_status":"open","sticky":false,"template":"","format":"standard","meta":{"footnotes":""},"categories":[7,1,5],"tags":[],"class_list":["post-26252","post","type-post","status-publish","format-standard","has-post-thumbnail","hentry","category-ecuador","category-inicio","category-loja"],"_links":{"self":[{"href":"https:\/\/www.lodelmomentoloja.com\/index.php?rest_route=\/wp\/v2\/posts\/26252"}],"collection":[{"href":"https:\/\/www.lodelmomentoloja.com\/index.php?rest_route=\/wp\/v2\/posts"}],"about":[{"href":"https:\/\/www.lodelmomentoloja.com\/index.php?rest_route=\/wp\/v2\/types\/post"}],"author":[{"embeddable":true,"href":"https:\/\/www.lodelmomentoloja.com\/index.php?rest_route=\/wp\/v2\/users\/1"}],"replies":[{"embeddable":true,"href":"https:\/\/www.lodelmomentoloja.com\/index.php?rest_route=%2Fwp%2Fv2%2Fcomments&post=26252"}],"version-history":[{"count":1,"href":"https:\/\/www.lodelmomentoloja.com\/index.php?rest_route=\/wp\/v2\/posts\/26252\/revisions"}],"predecessor-version":[{"id":26254,"href":"https:\/\/www.lodelmomentoloja.com\/index.php?rest_route=\/wp\/v2\/posts\/26252\/revisions\/26254"}],"wp:featuredmedia":[{"embeddable":true,"href":"https:\/\/www.lodelmomentoloja.com\/index.php?rest_route=\/wp\/v2\/media\/26253"}],"wp:attachment":[{"href":"https:\/\/www.lodelmomentoloja.com\/index.php?rest_route=%2Fwp%2Fv2%2Fmedia&parent=26252"}],"wp:term":[{"taxonomy":"category","embeddable":true,"href":"https:\/\/www.lodelmomentoloja.com\/index.php?rest_route=%2Fwp%2Fv2%2Fcategories&post=26252"},{"taxonomy":"post_tag","embeddable":true,"href":"https:\/\/www.lodelmomentoloja.com\/index.php?rest_route=%2Fwp%2Fv2%2Ftags&post=26252"}],"curies":[{"name":"wp","href":"https:\/\/api.w.org\/{rel}","templated":true}]}}