{"id":26240,"date":"2025-05-26T12:14:37","date_gmt":"2025-05-26T12:14:37","guid":{"rendered":"https:\/\/www.lodelmomentoloja.com\/?p=26240"},"modified":"2025-05-26T17:35:29","modified_gmt":"2025-05-26T17:35:29","slug":"nueva-remocion-del-cargo-en-contra-del-alcalde-de-loja","status":"publish","type":"post","link":"https:\/\/www.lodelmomentoloja.com\/?p=26240","title":{"rendered":"NUEVA REMOCI\u00d3N DEL CARGO EN CONTRA DEL ALCALDE DE LOJA"},"content":{"rendered":"<p>\ud83d\ude31\ud83d\udcdd\u2611\ufe0f\u00a1Un nuevo proceso! Durante horas de la ma\u00f1ana de este 26 de mayo del 2025, el ciudadano Ramiro Delgado, junto a su equipo de abogados, ha asistido hasta las instalaciones del Municipio de Loja, para presentar un nuevo proceso de remoci\u00f3n del cargo, en contra del Alcalde de Loja.<\/p>\n<p><img loading=\"lazy\" decoding=\"async\" class=\"alignnone size-medium wp-image-26241\" src=\"http:\/\/www.lodelmomentoloja.com\/wp-content\/uploads\/2025\/05\/ALV_7160-300x200.jpg\" alt=\"\" width=\"300\" height=\"200\" srcset=\"https:\/\/www.lodelmomentoloja.com\/wp-content\/uploads\/2025\/05\/ALV_7160-300x200.jpg 300w, https:\/\/www.lodelmomentoloja.com\/wp-content\/uploads\/2025\/05\/ALV_7160-1024x683.jpg 1024w, https:\/\/www.lodelmomentoloja.com\/wp-content\/uploads\/2025\/05\/ALV_7160-768x512.jpg 768w, https:\/\/www.lodelmomentoloja.com\/wp-content\/uploads\/2025\/05\/ALV_7160-640x427.jpg 640w, https:\/\/www.lodelmomentoloja.com\/wp-content\/uploads\/2025\/05\/ALV_7160-1536x1024.jpg 1536w, https:\/\/www.lodelmomentoloja.com\/wp-content\/uploads\/2025\/05\/ALV_7160-2048x1365.jpg 2048w\" sizes=\"(max-width: 300px) 100vw, 300px\" \/><\/p>\n<p>En esta ocasi\u00f3n, presentada por el ciudadano Ramiro Delgado quien, acompa\u00f1ado de su equipo de abogado se present\u00f3 a la Unidad de Gesti\u00f3n Documental del Municipio de Loja para presentar su informe que ser\u00e1 emitido a la Secretar\u00eda del Cabildo.<\/p>\n<p>Ramiro Delgado, es un lojano que denunci\u00f3 p\u00fablicamente en sesi\u00f3n de Cabildo, el pasado 24 de abril, a un funcionario municipal que habr\u00eda \u2018v4cvn4d0\u2019 a los adjudicatarios del Centro Comercial, solicitando fuertes cantidades de dinero a cambio de puestos en el mercado.<\/p>\n<p>El nuevo proceso, inicia luego de que el pasado 22 de mayo, el Consejo Municipal decidiera archivar la denuncia presentada por el concejal Santiago Err\u00e1ez tras no haber presentado las pruebas necesarias que sustenten su petici\u00f3n.<\/p>\n<p>Este es el segundo proceso de remoci\u00f3n que se presenta en contra del burgomaestre Quezada pero, \u00bfCu\u00e1les son las causales para que el ejecutivo pueda ser removido de su cargo? De acuerdo con el art. 333 del COOTAD, ser\u00edan ocho:<br \/>\n1. Haberse dictado en su contra sentencia ejecutoriada por cualquier d3l1t0.<br \/>\n2. Ausentarse del cargo por m\u00e1s de tres d\u00edas h\u00e1biles sin haberlo encargado a quien lo subrogue legalmente y sin causa justificada.<br \/>\n3. Incumplimiento legal y debidamente comprobado de las disposiciones contenidas en el COOTAD, de las ordenanzas o de las resoluciones adoptadas por los \u00f3rganos normativos de los gobiernos aut\u00f3nomos descentralizados.<br \/>\n4. Despilfarro, uso indebido o mal manejo de fondos del GAD Municipal.<br \/>\n5. Ejercicio de actividades electorales en uso o con ocasi\u00f3n de sus funciones y abvs4r de la autoridad que le confiere el cargo para coartar la libertad de sufragio u otras garant\u00edas constitucionales.<br \/>\n6. Padecer de incapacidad f\u00edsica o mental permanente comprobada, que le imposibilite ejercer el cargo.<br \/>\n7. Incumplir con las disposiciones establecidas en la legislaci\u00f3n para garantizar el ejercicio del derecho a la participaci\u00f3n ciudadana en la gesti\u00f3n municipal.<br \/>\n8. Por el cometimiento de actos de v10l3nc14 en contra de los grupos de atenci\u00f3n prioritaria.<\/p>\n<p>\ud83c\udf10\u2705 S\u00edguenos en nuestra p\u00e1gina verificada: https:\/\/www.facebook.com\/lodelmomentolojaEC<\/p>\n<p>www.lodelmomentoloja.com<br \/>\n#LDMnoticias #lodelmomentolojaLDM<\/p>\n","protected":false},"excerpt":{"rendered":"<p>\ud83d\ude31\ud83d\udcdd\u2611\ufe0f\u00a1Un nuevo proceso! Durante horas de la ma\u00f1ana de este 26 de mayo del 2025,&#8230;<\/p>\n","protected":false},"author":1,"featured_media":26242,"comment_status":"open","ping_status":"open","sticky":false,"template":"","format":"standard","meta":{"footnotes":""},"categories":[7,1,5],"tags":[],"class_list":["post-26240","post","type-post","status-publish","format-standard","has-post-thumbnail","hentry","category-ecuador","category-inicio","category-loja"],"_links":{"self":[{"href":"https:\/\/www.lodelmomentoloja.com\/index.php?rest_route=\/wp\/v2\/posts\/26240"}],"collection":[{"href":"https:\/\/www.lodelmomentoloja.com\/index.php?rest_route=\/wp\/v2\/posts"}],"about":[{"href":"https:\/\/www.lodelmomentoloja.com\/index.php?rest_route=\/wp\/v2\/types\/post"}],"author":[{"embeddable":true,"href":"https:\/\/www.lodelmomentoloja.com\/index.php?rest_route=\/wp\/v2\/users\/1"}],"replies":[{"embeddable":true,"href":"https:\/\/www.lodelmomentoloja.com\/index.php?rest_route=%2Fwp%2Fv2%2Fcomments&post=26240"}],"version-history":[{"count":2,"href":"https:\/\/www.lodelmomentoloja.com\/index.php?rest_route=\/wp\/v2\/posts\/26240\/revisions"}],"predecessor-version":[{"id":26244,"href":"https:\/\/www.lodelmomentoloja.com\/index.php?rest_route=\/wp\/v2\/posts\/26240\/revisions\/26244"}],"wp:featuredmedia":[{"embeddable":true,"href":"https:\/\/www.lodelmomentoloja.com\/index.php?rest_route=\/wp\/v2\/media\/26242"}],"wp:attachment":[{"href":"https:\/\/www.lodelmomentoloja.com\/index.php?rest_route=%2Fwp%2Fv2%2Fmedia&parent=26240"}],"wp:term":[{"taxonomy":"category","embeddable":true,"href":"https:\/\/www.lodelmomentoloja.com\/index.php?rest_route=%2Fwp%2Fv2%2Fcategories&post=26240"},{"taxonomy":"post_tag","embeddable":true,"href":"https:\/\/www.lodelmomentoloja.com\/index.php?rest_route=%2Fwp%2Fv2%2Ftags&post=26240"}],"curies":[{"name":"wp","href":"https:\/\/api.w.org\/{rel}","templated":true}]}}