{"id":26233,"date":"2025-05-26T11:25:11","date_gmt":"2025-05-26T11:25:11","guid":{"rendered":"https:\/\/www.lodelmomentoloja.com\/?p=26233"},"modified":"2025-05-26T16:27:43","modified_gmt":"2025-05-26T16:27:43","slug":"daniel-noboa-asume-la-presidencia-con-el-respaldo-de-la-asamblea-nacional","status":"publish","type":"post","link":"https:\/\/www.lodelmomentoloja.com\/?p=26233","title":{"rendered":"Daniel Noboa asume la Presidencia con el respaldo de la Asamblea Nacional"},"content":{"rendered":"<p>\ud83c\uddea\ud83c\udde8\ud83d\udc4f\ud83c\udffb\ud83d\udde3\ufe0f \u00a1Posesi\u00f3n Presidencial! Desde el s\u00e1bado 24 de mayo, Daniel Noboa asumi\u00f3 oficialmente la Presidencia del Ecuador por los pr\u00f3ximo cuatro a\u00f1os, acompa\u00f1ado de alrededor de 93 representantes de delegaciones internacionales, entre ellos, los Jefes de Estado Dina Boluarte de Per\u00fa y Gustavo Petro de Colombia. En el siguiente reportaje te presentamos los detalles sobre la ceremonia de investidura.<\/p>\n<div style=\"width: 640px;\" class=\"wp-video\"><!--[if lt IE 9]><script>document.createElement('video');<\/script><![endif]-->\n<video class=\"wp-video-shortcode\" id=\"video-26233-1\" width=\"640\" height=\"360\" preload=\"metadata\" controls=\"controls\"><source type=\"video\/mp4\" src=\"http:\/\/www.lodelmomentoloja.com\/wp-content\/uploads\/2025\/05\/POSESION-DE-DANIEL-NOBOA-REDUCIDO.mp4?_=1\" \/><a href=\"http:\/\/www.lodelmomentoloja.com\/wp-content\/uploads\/2025\/05\/POSESION-DE-DANIEL-NOBOA-REDUCIDO.mp4\">http:\/\/www.lodelmomentoloja.com\/wp-content\/uploads\/2025\/05\/POSESION-DE-DANIEL-NOBOA-REDUCIDO.mp4<\/a><\/video><\/div>\n<p>La ceremonia que se desarroll\u00f3 en el sal\u00f3n Nela Mart\u00ednez de la Asamblea Nacional cont\u00f3 con la presencia de alrededor de 93 representantes de delegaciones internacionales, entre ellos, los Jefes de Estado Dina Boluarte de Per\u00fa y Gustavo Petro de Colombia.<\/p>\n<p>Tras el ingreso de Noboa al Parlamento, las primeras palabras fueron del presidente de la Asamblea, Niels Olsen quien garantiz\u00f3 que el Ejecutivo y el Legislativo caminar\u00e1n de la mano.<\/p>\n<p>El juramento y la colocaci\u00f3n de la banda presidencial estuvieron a cargo de Olsen. Y, luego de los actos protocolarios, lleg\u00f3 el turno de la vicepresidenta, Mar\u00eda Jos\u00e9 Pinto.<\/p>\n<p>Tras la investidura de las nuevas autoridades, Daniel Noboa dio su primer discurso que dur\u00f3 alrededor de 20 minutos. Prometi\u00f3 la reactivaci\u00f3n econ\u00f3mica, mantener su lucha contra los grupos cr1m1n4l3s y su compromiso por devolver la seguridad a los ecuatorianos.<\/p>\n<p>Adem\u00e1s, aprovech\u00f3 el espacio para agradecer la gesti\u00f3n de su gabinete y en especial, el respaldo de la Polic\u00eda Nacional y Fuerzas Armadas.<\/p>\n<p>Pero tambi\u00e9n dedic\u00f3 unas cortas l\u00edneas a su vicepresidenta quien se mostr\u00f3 conmovida durante la posesi\u00f3n.<\/p>\n<p>Pese a que el sal\u00f3n Nela Mart\u00ednez estuvo lleno de militantes de ADN y delegaciones internacionales, los grandes ausentes fueron los asamble\u00edstas de la Revoluci\u00f3n Ciudadana, bancada que no reconoce la legitimidad de Noboa. Incluso, a trav\u00e9s de sus redes sociales, la excandidata presidencial, Luisa Gonz\u00e1lez, mediante una misiva ratific\u00f3 su postura sobre supuesto \u201cfraude institucional\u201d.<\/p>\n<p>No obstante, otras figuras del corre\u00edsmo, expresaron sus buenos deseos al actual Gobierno, entre ellos, la prefecta del Guayas, Marcela Agui\u00f1aga y el alcalde de Quito, Pabel Mu\u00f1oz. Lo propio, hizo el expresidente Guillermo Lasso.<\/p>\n<p>Por su parte, Gustavo Petro, a trav\u00e9s de cuenta de X, volvi\u00f3 a hablar sobre un aparente proceso electoral fraudulento, pese a haber acudido a la investidura del mandatario ecuatoriano. Enfatiz\u00f3 que solicitar\u00e1 la liberaci\u00f3n de los presos pol\u00edticos en el pa\u00eds, entre ellos, del exvicepresidente Jorge Glas.<\/p>\n<p>Tras haber asumido la Presidencia, Daniel Noboa asign\u00f3 las funciones de Mar\u00eda Jos\u00e9 Pinto mediante Decreto Ejecutivo N\u00ba3 de su nuevo periodo, firmado el mismo 24 de mayo, se\u00f1alando que trabajar\u00e1 en temas vinculados a la salud mental, educaci\u00f3n intercultural biling\u00fce, embarazo adolescente, primera infancia y desnutrici\u00f3n cr\u00f3nica infantil.<\/p>\n<p>Pinto se encargar\u00e1 de la coordinaci\u00f3n, direcci\u00f3n, supervisi\u00f3n y control de la implementaci\u00f3n y ejecuci\u00f3n de las directrices, planes, programas, proyectos y actividades que se requieran por parte de varias entidades gubernamentales.<\/p>\n<p>Con ello, Noboa inicia su segundo periodo 2025 \u2013 2029 respaldado por la Asamblea Nacional liderado, en su mayor\u00eda, por su movimiento pol\u00edtico y sus aliados que, por ahora, garantizar\u00edan su gobernabilidad y, se encuentra a la espera de que el Legislativo tramite su primer proyecto de ley econ\u00f3mico urgente contra la econom\u00eda cr1m1n4l.<\/p>\n<p>Noticia completa \ud83d\udcf2 https:\/\/youtu.be\/&#8211;alKwuvt34<\/p>\n<p>\ud83c\udf10\u2705 S\u00edguenos en nuestra p\u00e1gina verificada: https:\/\/www.facebook.com\/lodelmomentolojaEC<\/p>\n<p>www.lodelmomentoloja.com<br \/>\n#LDMnoticias #lodelmomentolojaLDM<\/p>\n","protected":false},"excerpt":{"rendered":"<p>\ud83c\uddea\ud83c\udde8\ud83d\udc4f\ud83c\udffb\ud83d\udde3\ufe0f \u00a1Posesi\u00f3n Presidencial! Desde el s\u00e1bado 24 de mayo, Daniel Noboa asumi\u00f3 oficialmente la Presidencia&#8230;<\/p>\n","protected":false},"author":1,"featured_media":26234,"comment_status":"open","ping_status":"open","sticky":false,"template":"","format":"standard","meta":{"footnotes":""},"categories":[7,1],"tags":[],"class_list":["post-26233","post","type-post","status-publish","format-standard","has-post-thumbnail","hentry","category-ecuador","category-inicio"],"_links":{"self":[{"href":"https:\/\/www.lodelmomentoloja.com\/index.php?rest_route=\/wp\/v2\/posts\/26233"}],"collection":[{"href":"https:\/\/www.lodelmomentoloja.com\/index.php?rest_route=\/wp\/v2\/posts"}],"about":[{"href":"https:\/\/www.lodelmomentoloja.com\/index.php?rest_route=\/wp\/v2\/types\/post"}],"author":[{"embeddable":true,"href":"https:\/\/www.lodelmomentoloja.com\/index.php?rest_route=\/wp\/v2\/users\/1"}],"replies":[{"embeddable":true,"href":"https:\/\/www.lodelmomentoloja.com\/index.php?rest_route=%2Fwp%2Fv2%2Fcomments&post=26233"}],"version-history":[{"count":1,"href":"https:\/\/www.lodelmomentoloja.com\/index.php?rest_route=\/wp\/v2\/posts\/26233\/revisions"}],"predecessor-version":[{"id":26236,"href":"https:\/\/www.lodelmomentoloja.com\/index.php?rest_route=\/wp\/v2\/posts\/26233\/revisions\/26236"}],"wp:featuredmedia":[{"embeddable":true,"href":"https:\/\/www.lodelmomentoloja.com\/index.php?rest_route=\/wp\/v2\/media\/26234"}],"wp:attachment":[{"href":"https:\/\/www.lodelmomentoloja.com\/index.php?rest_route=%2Fwp%2Fv2%2Fmedia&parent=26233"}],"wp:term":[{"taxonomy":"category","embeddable":true,"href":"https:\/\/www.lodelmomentoloja.com\/index.php?rest_route=%2Fwp%2Fv2%2Fcategories&post=26233"},{"taxonomy":"post_tag","embeddable":true,"href":"https:\/\/www.lodelmomentoloja.com\/index.php?rest_route=%2Fwp%2Fv2%2Ftags&post=26233"}],"curies":[{"name":"wp","href":"https:\/\/api.w.org\/{rel}","templated":true}]}}