{"id":2622,"date":"2021-02-22T10:00:28","date_gmt":"2021-02-22T10:00:28","guid":{"rendered":"http:\/\/www.lodelmomentoloja.com\/?p=2622"},"modified":"2021-02-22T15:11:38","modified_gmt":"2021-02-22T15:11:38","slug":"kitu-diaz-convocado-a-microciclo-de-la-tri","status":"publish","type":"post","link":"https:\/\/www.lodelmomentoloja.com\/?p=2622","title":{"rendered":"&#8216;Kitu&#8217; D\u00edaz convocado a microciclo de la &#8216;Tri&#8217;"},"content":{"rendered":"<p>#Nacional | El \u2018Kitu\u2019 fue uno de los 24 citados por el seleccionador Gustavo Alfaro.<\/p>\n<p>Gustavo Alfaro, DT de la Tricolor comandar\u00e1 un microciclo en la Casa de la Selecci\u00f3n, entre el 22 y el 24 de febrero, para observar jugadores que podr\u00eda llamar a la doble fecha de Eliminatorias del 25 y 30 de marzo. Los 24 preseleccionados militan en el f\u00fatbol local.<\/p>\n<p>Liga de Quito, Emelec y Barcelona son los clubes nacionales con m\u00e1s jugadores en el microciclo. Algunos de los convocados ya estuvieron en los primeros cuatro encuentros de Eliminatorias, disputados en 2020.<\/p>\n<p>Ecuador se medir\u00e1 en condici\u00f3n de visitante a Venezuela y en Quito ante Chile. La Tricolor marcha en el tercer lugar de la clasificaci\u00f3n, en zona de cupo directo a Qatar 2022.<\/p>\n<p>www.lodelmomentoloja.com<br \/>\n#LDMnoticias #lodelmomentolojaLDM<\/p>\n","protected":false},"excerpt":{"rendered":"<p>#Nacional | El \u2018Kitu\u2019 fue uno de los 24 citados por el seleccionador Gustavo Alfaro&#8230;.<\/p>\n","protected":false},"author":1,"featured_media":2623,"comment_status":"open","ping_status":"open","sticky":false,"template":"","format":"standard","meta":{"footnotes":""},"categories":[1],"tags":[],"class_list":["post-2622","post","type-post","status-publish","format-standard","has-post-thumbnail","hentry","category-inicio"],"_links":{"self":[{"href":"https:\/\/www.lodelmomentoloja.com\/index.php?rest_route=\/wp\/v2\/posts\/2622"}],"collection":[{"href":"https:\/\/www.lodelmomentoloja.com\/index.php?rest_route=\/wp\/v2\/posts"}],"about":[{"href":"https:\/\/www.lodelmomentoloja.com\/index.php?rest_route=\/wp\/v2\/types\/post"}],"author":[{"embeddable":true,"href":"https:\/\/www.lodelmomentoloja.com\/index.php?rest_route=\/wp\/v2\/users\/1"}],"replies":[{"embeddable":true,"href":"https:\/\/www.lodelmomentoloja.com\/index.php?rest_route=%2Fwp%2Fv2%2Fcomments&post=2622"}],"version-history":[{"count":1,"href":"https:\/\/www.lodelmomentoloja.com\/index.php?rest_route=\/wp\/v2\/posts\/2622\/revisions"}],"predecessor-version":[{"id":2624,"href":"https:\/\/www.lodelmomentoloja.com\/index.php?rest_route=\/wp\/v2\/posts\/2622\/revisions\/2624"}],"wp:featuredmedia":[{"embeddable":true,"href":"https:\/\/www.lodelmomentoloja.com\/index.php?rest_route=\/wp\/v2\/media\/2623"}],"wp:attachment":[{"href":"https:\/\/www.lodelmomentoloja.com\/index.php?rest_route=%2Fwp%2Fv2%2Fmedia&parent=2622"}],"wp:term":[{"taxonomy":"category","embeddable":true,"href":"https:\/\/www.lodelmomentoloja.com\/index.php?rest_route=%2Fwp%2Fv2%2Fcategories&post=2622"},{"taxonomy":"post_tag","embeddable":true,"href":"https:\/\/www.lodelmomentoloja.com\/index.php?rest_route=%2Fwp%2Fv2%2Ftags&post=2622"}],"curies":[{"name":"wp","href":"https:\/\/api.w.org\/{rel}","templated":true}]}}