{"id":26192,"date":"2025-05-22T09:21:35","date_gmt":"2025-05-22T09:21:35","guid":{"rendered":"https:\/\/www.lodelmomentoloja.com\/?p=26192"},"modified":"2025-05-22T14:23:42","modified_gmt":"2025-05-22T14:23:42","slug":"alfredo-palacio-expresidente-del-ecuador-fallecio-a-los-86-anos-de-edad","status":"publish","type":"post","link":"https:\/\/www.lodelmomentoloja.com\/?p=26192","title":{"rendered":"ALFREDO PALACIO EXPRESIDENTE DEL ECUADOR FALLECI\u00d3 A LOS 86 A\u00d1OS DE EDAD"},"content":{"rendered":"<p>\ud83c\uddea\ud83c\udde8\ud83d\udda4\u2695\ufe0f\u00a1Pol\u00edtica ecuatoriana de luto! El expresidente de Ecuador, Alfredo Palacio Gonz\u00e1lez, f4ll3c1\u00f3 a sus 86 a\u00f1os de edad, en la ciudad de Guayaquil,\u00a0seg\u00fan se confirm\u00f3 la noticia este 22 de mayo de 2025, un nuevo hecho que enluta a la pol\u00edtica del pa\u00eds este a\u00f1o. Palacio fue m\u00e9dico, cardi\u00f3logo, de profesi\u00f3n. Era oriundo de Guayaquil y tambi\u00e9n fue ministro de Salud y vicepresidente de Ecuador. Las causas de su deceso todav\u00eda no han sido confirmadas por sus familiares.<\/p>\n<p>\ud83c\udf10\u2705 S\u00edguenos en nuestra p\u00e1gina verificada: https:\/\/www.facebook.com\/lodelmomentolojaEC<\/p>\n<p>www.lodelmomentoloja.com<br \/>\n<a class=\"x1i10hfl xjbqb8w x1ejq31n xd10rxx x1sy0etr x17r0tee x972fbf xcfux6l x1qhh985 xm0m39n x9f619 x1ypdohk xt0psk2 xe8uvvx xdj266r x11i5rnm xat24cr x1mh8g0r xexx8yu x4uap5 x18d9i69 xkhd6sd x16tdsg8 x1hl2dhg xggy1nq x1a2a7pz  _aa9_ _a6hd\" tabindex=\"0\" role=\"link\" href=\"https:\/\/www.instagram.com\/explore\/tags\/ldmnoticias\/\">#LDMnoticias<\/a>\u00a0<a class=\"x1i10hfl xjbqb8w x1ejq31n xd10rxx x1sy0etr x17r0tee x972fbf xcfux6l x1qhh985 xm0m39n x9f619 x1ypdohk xt0psk2 xe8uvvx xdj266r x11i5rnm xat24cr x1mh8g0r xexx8yu x4uap5 x18d9i69 xkhd6sd x16tdsg8 x1hl2dhg xggy1nq x1a2a7pz  _aa9_ _a6hd\" tabindex=\"0\" role=\"link\" href=\"https:\/\/www.instagram.com\/explore\/tags\/lodelmomentolojaldm\/\">#lodelmomentolojaLDM<\/a><\/p>\n","protected":false},"excerpt":{"rendered":"<p>\ud83c\uddea\ud83c\udde8\ud83d\udda4\u2695\ufe0f\u00a1Pol\u00edtica ecuatoriana de luto! El expresidente de Ecuador, Alfredo Palacio Gonz\u00e1lez, f4ll3c1\u00f3 a sus 86&#8230;<\/p>\n","protected":false},"author":1,"featured_media":26193,"comment_status":"open","ping_status":"open","sticky":false,"template":"","format":"standard","meta":{"footnotes":""},"categories":[7,1,5],"tags":[],"class_list":["post-26192","post","type-post","status-publish","format-standard","has-post-thumbnail","hentry","category-ecuador","category-inicio","category-loja"],"_links":{"self":[{"href":"https:\/\/www.lodelmomentoloja.com\/index.php?rest_route=\/wp\/v2\/posts\/26192"}],"collection":[{"href":"https:\/\/www.lodelmomentoloja.com\/index.php?rest_route=\/wp\/v2\/posts"}],"about":[{"href":"https:\/\/www.lodelmomentoloja.com\/index.php?rest_route=\/wp\/v2\/types\/post"}],"author":[{"embeddable":true,"href":"https:\/\/www.lodelmomentoloja.com\/index.php?rest_route=\/wp\/v2\/users\/1"}],"replies":[{"embeddable":true,"href":"https:\/\/www.lodelmomentoloja.com\/index.php?rest_route=%2Fwp%2Fv2%2Fcomments&post=26192"}],"version-history":[{"count":1,"href":"https:\/\/www.lodelmomentoloja.com\/index.php?rest_route=\/wp\/v2\/posts\/26192\/revisions"}],"predecessor-version":[{"id":26194,"href":"https:\/\/www.lodelmomentoloja.com\/index.php?rest_route=\/wp\/v2\/posts\/26192\/revisions\/26194"}],"wp:featuredmedia":[{"embeddable":true,"href":"https:\/\/www.lodelmomentoloja.com\/index.php?rest_route=\/wp\/v2\/media\/26193"}],"wp:attachment":[{"href":"https:\/\/www.lodelmomentoloja.com\/index.php?rest_route=%2Fwp%2Fv2%2Fmedia&parent=26192"}],"wp:term":[{"taxonomy":"category","embeddable":true,"href":"https:\/\/www.lodelmomentoloja.com\/index.php?rest_route=%2Fwp%2Fv2%2Fcategories&post=26192"},{"taxonomy":"post_tag","embeddable":true,"href":"https:\/\/www.lodelmomentoloja.com\/index.php?rest_route=%2Fwp%2Fv2%2Ftags&post=26192"}],"curies":[{"name":"wp","href":"https:\/\/api.w.org\/{rel}","templated":true}]}}