{"id":26179,"date":"2025-05-21T12:20:18","date_gmt":"2025-05-21T12:20:18","guid":{"rendered":"https:\/\/www.lodelmomentoloja.com\/?p=26179"},"modified":"2025-05-21T17:34:02","modified_gmt":"2025-05-21T17:34:02","slug":"proceso-de-remocion-contra-franco-quezada-queda-archivado-por-falta-de-pruebas","status":"publish","type":"post","link":"https:\/\/www.lodelmomentoloja.com\/?p=26179","title":{"rendered":"Proceso de remoci\u00f3n contra Franco Quezada queda archivado por falta de pruebas"},"content":{"rendered":"<p>\ud83d\ude31\ud83d\udc40\ud83d\udde3\ufe0f \u00a1Ser\u00e1 archivado! El proceso de remoci\u00f3n contra el alcalde de Loja, Franco Quezada fue archivada tras no existir las pruebas que sustenten las acusaciones en su contra. La tarde del martes 20 de mayo, la Comisi\u00f3n de Mesa Ocasional del Cabildo dijo que la solitud impulsada por el concejal Santiago Err\u00e1ez present\u00f3 \u00fanicamente capturas de pantalla, incluso de varios documentos, como parte de sus evidencias por lo que la Comisi\u00f3n recomend\u00f3 al \u00f3rgano Legislativo se archive el proceso.<\/p>\n<div style=\"width: 640px;\" class=\"wp-video\"><!--[if lt IE 9]><script>document.createElement('video');<\/script><![endif]-->\n<video class=\"wp-video-shortcode\" id=\"video-26179-1\" width=\"640\" height=\"360\" preload=\"metadata\" controls=\"controls\"><source type=\"video\/mp4\" src=\"http:\/\/www.lodelmomentoloja.com\/wp-content\/uploads\/2025\/05\/PROCESO-DE-REMOCION-ARCHIVADO-REDUCIDO.mp4?_=1\" \/><a href=\"http:\/\/www.lodelmomentoloja.com\/wp-content\/uploads\/2025\/05\/PROCESO-DE-REMOCION-ARCHIVADO-REDUCIDO.mp4\">http:\/\/www.lodelmomentoloja.com\/wp-content\/uploads\/2025\/05\/PROCESO-DE-REMOCION-ARCHIVADO-REDUCIDO.mp4<\/a><\/video><\/div>\n<p>&nbsp;<\/p>\n<p>La falta de pruebas por parte del proponente no solo puso en tela de duda el que Franco Quezada pueda dejar su cargo antes de culminar su periodo, sino que, adem\u00e1s, gener\u00f3 cr\u00edticas sobre el objetivo del informe.<\/p>\n<p>La Comisi\u00f3n se\u00f1al\u00f3 que el denunciante tuvo un plazo de 10 d\u00edas laborables para sustentar los hechos con pruebas documentales, testimoniales o periciales.<\/p>\n<p>El proceso de remoci\u00f3n impulsada por Err\u00e1ez argumentaba cinco causales, sin embargo, la Comisi\u00f3n dio paso a tres: incumplimiento de la resoluci\u00f3n que proh\u00edbe el uso de logotipos institucionales, presunto incumplimiento de requisitos de perfiles profesionales y la designaci\u00f3n de la gerente de la Empresa P\u00fablica Gedes \u2013 EP. Sin embargo, el concejal Err\u00e1ez, promotor de la remoci\u00f3n, convoc\u00f3 a una rueda de prensa la ma\u00f1ana de este 21 de mayo para dar su postura al respecto.<\/p>\n<p>Con esta resoluci\u00f3n, el informe ser\u00e1 debatido en la sesi\u00f3n extraordinaria convocada para el d\u00eda jueves 22 de mayo a las 15h00 en el Consejo Municipal donde el Cabildo analizar\u00e1 la recomendaci\u00f3n de archivo del caso.<\/p>\n<p>Noticia completa \ud83d\udcf2 https:\/\/youtu.be\/ClHJ70fGVE8<\/p>\n<p>\ud83c\udf10\u2705 S\u00edguenos en nuestra p\u00e1gina verificada: https:\/\/www.facebook.com\/lodelmomentolojaEC<\/p>\n<p>www.lodelmomentoloja.com<br \/>\n#LDMnoticias #lodelmomentolojaLDM<\/p>\n","protected":false},"excerpt":{"rendered":"<p>\ud83d\ude31\ud83d\udc40\ud83d\udde3\ufe0f \u00a1Ser\u00e1 archivado! El proceso de remoci\u00f3n contra el alcalde de Loja, Franco Quezada fue&#8230;<\/p>\n","protected":false},"author":1,"featured_media":26181,"comment_status":"open","ping_status":"open","sticky":false,"template":"","format":"standard","meta":{"footnotes":""},"categories":[7,1,5],"tags":[],"class_list":["post-26179","post","type-post","status-publish","format-standard","has-post-thumbnail","hentry","category-ecuador","category-inicio","category-loja"],"_links":{"self":[{"href":"https:\/\/www.lodelmomentoloja.com\/index.php?rest_route=\/wp\/v2\/posts\/26179"}],"collection":[{"href":"https:\/\/www.lodelmomentoloja.com\/index.php?rest_route=\/wp\/v2\/posts"}],"about":[{"href":"https:\/\/www.lodelmomentoloja.com\/index.php?rest_route=\/wp\/v2\/types\/post"}],"author":[{"embeddable":true,"href":"https:\/\/www.lodelmomentoloja.com\/index.php?rest_route=\/wp\/v2\/users\/1"}],"replies":[{"embeddable":true,"href":"https:\/\/www.lodelmomentoloja.com\/index.php?rest_route=%2Fwp%2Fv2%2Fcomments&post=26179"}],"version-history":[{"count":1,"href":"https:\/\/www.lodelmomentoloja.com\/index.php?rest_route=\/wp\/v2\/posts\/26179\/revisions"}],"predecessor-version":[{"id":26182,"href":"https:\/\/www.lodelmomentoloja.com\/index.php?rest_route=\/wp\/v2\/posts\/26179\/revisions\/26182"}],"wp:featuredmedia":[{"embeddable":true,"href":"https:\/\/www.lodelmomentoloja.com\/index.php?rest_route=\/wp\/v2\/media\/26181"}],"wp:attachment":[{"href":"https:\/\/www.lodelmomentoloja.com\/index.php?rest_route=%2Fwp%2Fv2%2Fmedia&parent=26179"}],"wp:term":[{"taxonomy":"category","embeddable":true,"href":"https:\/\/www.lodelmomentoloja.com\/index.php?rest_route=%2Fwp%2Fv2%2Fcategories&post=26179"},{"taxonomy":"post_tag","embeddable":true,"href":"https:\/\/www.lodelmomentoloja.com\/index.php?rest_route=%2Fwp%2Fv2%2Ftags&post=26179"}],"curies":[{"name":"wp","href":"https:\/\/api.w.org\/{rel}","templated":true}]}}