{"id":26161,"date":"2025-05-20T17:40:03","date_gmt":"2025-05-20T17:40:03","guid":{"rendered":"https:\/\/www.lodelmomentoloja.com\/?p=26161"},"modified":"2025-05-20T22:42:11","modified_gmt":"2025-05-20T22:42:11","slug":"proyecto-para-combatir-la-economia-cr1m1n4l-genera-opiniones-a-favor-y-en-contra","status":"publish","type":"post","link":"https:\/\/www.lodelmomentoloja.com\/?p=26161","title":{"rendered":"Proyecto para combatir la econom\u00eda cr1m1n4l genera opiniones a favor y en contra."},"content":{"rendered":"<p>\ud83c\uddea\ud83c\udde8\ud83e\udd14\ud83d\udde3\ufe0f \u00a1Opiniones divididas! El proyecto denominado \u201cLey Org\u00e1nica para Desarticular la Econom\u00eda Cr1m1n4l vinculada al Conflicto 4rm4d0 Interno\u201d pretende cortar los recursos econ\u00f3micos que financian a las organizaciones cr1m1n4l3s que operan en el pa\u00eds. Sin embargo, juristas lojanos adviertes que podr\u00eda enfrentar objeciones por presuntos incumplimientos., expertos lojanos opinan al respecto.<\/p>\n<div style=\"width: 640px;\" class=\"wp-video\"><!--[if lt IE 9]><script>document.createElement('video');<\/script><![endif]-->\n<video class=\"wp-video-shortcode\" id=\"video-26161-1\" width=\"640\" height=\"360\" preload=\"metadata\" controls=\"controls\"><source type=\"video\/mp4\" src=\"http:\/\/www.lodelmomentoloja.com\/wp-content\/uploads\/2025\/05\/EXPERTOS-HABLAN-DEL-PROYECTO-DE-LEY-REDUCIDO.mp4?_=1\" \/><a href=\"http:\/\/www.lodelmomentoloja.com\/wp-content\/uploads\/2025\/05\/EXPERTOS-HABLAN-DEL-PROYECTO-DE-LEY-REDUCIDO.mp4\">http:\/\/www.lodelmomentoloja.com\/wp-content\/uploads\/2025\/05\/EXPERTOS-HABLAN-DEL-PROYECTO-DE-LEY-REDUCIDO.mp4<\/a><\/video><\/div>\n<p>&nbsp;<\/p>\n<p>El proyecto denominado \u201cLey Org\u00e1nica para Desarticular la Econom\u00eda Cr1m1n4l vinculada al Conflicto 4rm4d0 Interno\u201d pretende cortar los recursos econ\u00f3micos que financian a las organizaciones cr1m1n4l3s que operan en el pa\u00eds. Sin embargo, juristas lojanos adviertes que podr\u00eda enfrentar objeciones por presuntos incumplimientos.<\/p>\n<p>En el \u00e1mbito econ\u00f3mico, el analista Julio Ruiz explica que el proyecto pretende solventar la reducci\u00f3n de las aportaciones al SRI que se produjeron a ra\u00edz del incremento de la d3l1ncv3nc14, misma que oblig\u00f3 a muchos emprendedores a cerrar sus negocios y, algunos tuvieron que salir del pa\u00eds.<\/p>\n<p>En lo jur\u00eddico, el proyecto ha recibido una serie de cr\u00edticas, puesto que, algunos de los temas acotados ser\u00edan inconstitucionales, por ejemplo, los allanamientos sin \u00f3rdenes judiciales, audiencias \u00fanicas, confiscaci\u00f3n de bienes, indultos anticipados a polic\u00edas y militares, entre otros, sobre todo, porque puntos fueron aprobados en la Consulta Popular y otros v10l3ntar14n los derechos humanos.<\/p>\n<p>Ante las cr\u00edticas, el ministro de Gobierno, Jos\u00e9 de la Gasca, durante una entrevista radial expres\u00f3 que el ordenamiento constitucional y jur\u00eddico no est\u00e1n preparados para enfrentar a las estructuras cr1m1n4les, por lo que, el Gobierno plantea reformas constitucionales profundas.<\/p>\n<p>Una propuesta que no fue bien recibida por la bancada corre\u00edsta advirtiendo que ser\u00eda una propuesta arbitraria que podr\u00eda en riesgo los derechos humanos. El asamble\u00edsta de la Revoluci\u00f3n Ciudadana, Santiago D\u00edaz, dijo que el proyecto permite una persecuci\u00f3n sin control judicial normalizando la impunidad como el caso de Las Malvinas.<\/p>\n<p>Una postura similar a la que mantienen el Centro de Derechos Econ\u00f3micos y Sociales (CDES) y la Conaie. Ahora la Asamblea Nacional, tiene un plazo de 30 d\u00edas para tramitar el proyecto.<\/p>\n<p>Noticia completa \ud83d\udcf2 https:\/\/youtu.be\/tCsMzgpwdZ8<\/p>\n<p>\ud83c\udf10\u2705 S\u00edguenos en nuestra p\u00e1gina verificada: https:\/\/www.facebook.com\/lodelmomentolojaEC<\/p>\n<p>www.lodelmomentoloja.com<br \/>\n#LDMnoticias #lodelmomentolojaLDM<\/p>\n","protected":false},"excerpt":{"rendered":"<p>\ud83c\uddea\ud83c\udde8\ud83e\udd14\ud83d\udde3\ufe0f \u00a1Opiniones divididas! El proyecto denominado \u201cLey Org\u00e1nica para Desarticular la Econom\u00eda Cr1m1n4l vinculada al&#8230;<\/p>\n","protected":false},"author":1,"featured_media":26163,"comment_status":"open","ping_status":"open","sticky":false,"template":"","format":"standard","meta":{"footnotes":""},"categories":[7,1,5],"tags":[],"class_list":["post-26161","post","type-post","status-publish","format-standard","has-post-thumbnail","hentry","category-ecuador","category-inicio","category-loja"],"_links":{"self":[{"href":"https:\/\/www.lodelmomentoloja.com\/index.php?rest_route=\/wp\/v2\/posts\/26161"}],"collection":[{"href":"https:\/\/www.lodelmomentoloja.com\/index.php?rest_route=\/wp\/v2\/posts"}],"about":[{"href":"https:\/\/www.lodelmomentoloja.com\/index.php?rest_route=\/wp\/v2\/types\/post"}],"author":[{"embeddable":true,"href":"https:\/\/www.lodelmomentoloja.com\/index.php?rest_route=\/wp\/v2\/users\/1"}],"replies":[{"embeddable":true,"href":"https:\/\/www.lodelmomentoloja.com\/index.php?rest_route=%2Fwp%2Fv2%2Fcomments&post=26161"}],"version-history":[{"count":1,"href":"https:\/\/www.lodelmomentoloja.com\/index.php?rest_route=\/wp\/v2\/posts\/26161\/revisions"}],"predecessor-version":[{"id":26164,"href":"https:\/\/www.lodelmomentoloja.com\/index.php?rest_route=\/wp\/v2\/posts\/26161\/revisions\/26164"}],"wp:featuredmedia":[{"embeddable":true,"href":"https:\/\/www.lodelmomentoloja.com\/index.php?rest_route=\/wp\/v2\/media\/26163"}],"wp:attachment":[{"href":"https:\/\/www.lodelmomentoloja.com\/index.php?rest_route=%2Fwp%2Fv2%2Fmedia&parent=26161"}],"wp:term":[{"taxonomy":"category","embeddable":true,"href":"https:\/\/www.lodelmomentoloja.com\/index.php?rest_route=%2Fwp%2Fv2%2Fcategories&post=26161"},{"taxonomy":"post_tag","embeddable":true,"href":"https:\/\/www.lodelmomentoloja.com\/index.php?rest_route=%2Fwp%2Fv2%2Ftags&post=26161"}],"curies":[{"name":"wp","href":"https:\/\/api.w.org\/{rel}","templated":true}]}}