{"id":26133,"date":"2025-05-19T17:48:28","date_gmt":"2025-05-19T17:48:28","guid":{"rendered":"https:\/\/www.lodelmomentoloja.com\/?p=26133"},"modified":"2025-05-19T22:51:02","modified_gmt":"2025-05-19T22:51:02","slug":"que-pasaria-si-la-remocion-de-quezada-cuenta-con-los-votos-necesarios","status":"publish","type":"post","link":"https:\/\/www.lodelmomentoloja.com\/?p=26133","title":{"rendered":"\u00bfQu\u00e9 pasar\u00eda si la remoci\u00f3n de Quezada cuenta con los votos necesarios?"},"content":{"rendered":"<p>La abogada M\u00f3nica Jaramillo, presidenta del Observatorio de Control Ciudadano reconocida por llevar con \u00e9xito casos como \u201cLa Liga Azul\u201d, \u201cInfracci\u00f3n electoral del alcalde de Quito, Pabel Mu\u00f1oz\u201d, \u201cMulta al ex vocal del CPCCS, Alembert Vera\u201d y la \u201cInfracci\u00f3n electoral contra el Prefecto de Pastaza\u201d, en una entrevista con LDM este 19 de mayo de 2025, se refiri\u00f3 al proceso de remoci\u00f3n del alcalde de Loja, Franco Quezada donde la \u00faltima palabra la tendr\u00eda el Tribunal Contencioso Electoral (TCE), organismo que ha archivado algunos casos similares.<\/p>\n<div style=\"width: 640px;\" class=\"wp-video\"><!--[if lt IE 9]><script>document.createElement('video');<\/script><![endif]-->\n<video class=\"wp-video-shortcode\" id=\"video-26133-1\" width=\"640\" height=\"360\" preload=\"metadata\" controls=\"controls\"><source type=\"video\/mp4\" src=\"http:\/\/www.lodelmomentoloja.com\/wp-content\/uploads\/2025\/05\/REMOCION-DE-QUEZADA-REDUCIDO.mp4?_=1\" \/><a href=\"http:\/\/www.lodelmomentoloja.com\/wp-content\/uploads\/2025\/05\/REMOCION-DE-QUEZADA-REDUCIDO.mp4\">http:\/\/www.lodelmomentoloja.com\/wp-content\/uploads\/2025\/05\/REMOCION-DE-QUEZADA-REDUCIDO.mp4<\/a><\/video><\/div>\n<p>Tal es el caso de la remoci\u00f3n del alcalde de Riobamba John Vinueza por la donaci\u00f3n de un terreno para la construcci\u00f3n de un Centro Forense que ocurri\u00f3 en enero de 2025. All\u00ed, el TCE dej\u00f3 sin efecto la resoluci\u00f3n que contaba con la mayor\u00eda de los votos del Consejo Municipal. El Pleno determin\u00f3 que la destituci\u00f3n \u201cno cumpli\u00f3 las formalidades y el procedimiento\u201d previstos en COOTAD que rige a los gobiernos locales. Por ejemplo, que la vicealcaldesa de Riobamba, Maritza D\u00edaz, deb\u00eda abstenerse de votar en el Cabildo sobre esta causa, ya que solo le correspond\u00eda convocar a la sesi\u00f3n del Concejo Municipal para conformar la Comisi\u00f3n de Mesa que tratar\u00eda el este asunto, por lo que John Vinueza se restituido a su cargo.<\/p>\n<p>Entre tanto, un mes m\u00e1s tarde, febrero del a\u00f1o en curso, Vinueza present\u00f3 un informe de remoci\u00f3n de 7 concejales del cant\u00f3n, proceso que, nuevamente, fue archivado por el TCE aduciendo que el burgomaestre v10l0 procedimientos legales al ser el propio alcalde, el presidente de la Comisi\u00f3n de Mesa que buscaba la remoci\u00f3n de los ediles, adem\u00e1s de otras aparentes irregularidades que se habr\u00edan presentado en el camino, situaci\u00f3n por la que los concejales fueron restituidos.<\/p>\n<p>Durante su intervenci\u00f3n, la abogada cuestion\u00f3 que el proceso de remoci\u00f3n contra Quezada haya sido presentado por un miembro del Consejo Municipal y no por la ciudadan\u00eda quienes dicen mostrarse disconformes con la gesti\u00f3n del burgomaestre lojano, se\u00f1ala que, al ser una moci\u00f3n presentada por el edil Santiago Err\u00e1ez podr\u00eda ser una causa directa para la nulidad del TCE.<\/p>\n<p>Este 22 de mayo de 2025 se conocer\u00e1n los resultados oficiales sobre el proceso de remoci\u00f3n de Franco Quezada \u00bfSer\u00e1 que los ediles lo sab\u00edan o es un error de buena fe?<\/p>\n<p>Noticia completa \ud83d\udcf2 https:\/\/youtu.be\/Rh_56ShF8FY<\/p>\n<p>\ud83c\udf10\u2705 S\u00edguenos en nuestra p\u00e1gina verificada: https:\/\/www.facebook.com\/lodelmomentolojaEC<\/p>\n<p>www.lodelmomentoloja.com<br \/>\n#LDMnoticias #lodelmomentolojaLDM<\/p>\n","protected":false},"excerpt":{"rendered":"<p>La abogada M\u00f3nica Jaramillo, presidenta del Observatorio de Control Ciudadano reconocida por llevar con \u00e9xito&#8230;<\/p>\n","protected":false},"author":1,"featured_media":26135,"comment_status":"open","ping_status":"open","sticky":false,"template":"","format":"standard","meta":{"footnotes":""},"categories":[7,1,5],"tags":[],"class_list":["post-26133","post","type-post","status-publish","format-standard","has-post-thumbnail","hentry","category-ecuador","category-inicio","category-loja"],"_links":{"self":[{"href":"https:\/\/www.lodelmomentoloja.com\/index.php?rest_route=\/wp\/v2\/posts\/26133"}],"collection":[{"href":"https:\/\/www.lodelmomentoloja.com\/index.php?rest_route=\/wp\/v2\/posts"}],"about":[{"href":"https:\/\/www.lodelmomentoloja.com\/index.php?rest_route=\/wp\/v2\/types\/post"}],"author":[{"embeddable":true,"href":"https:\/\/www.lodelmomentoloja.com\/index.php?rest_route=\/wp\/v2\/users\/1"}],"replies":[{"embeddable":true,"href":"https:\/\/www.lodelmomentoloja.com\/index.php?rest_route=%2Fwp%2Fv2%2Fcomments&post=26133"}],"version-history":[{"count":1,"href":"https:\/\/www.lodelmomentoloja.com\/index.php?rest_route=\/wp\/v2\/posts\/26133\/revisions"}],"predecessor-version":[{"id":26136,"href":"https:\/\/www.lodelmomentoloja.com\/index.php?rest_route=\/wp\/v2\/posts\/26133\/revisions\/26136"}],"wp:featuredmedia":[{"embeddable":true,"href":"https:\/\/www.lodelmomentoloja.com\/index.php?rest_route=\/wp\/v2\/media\/26135"}],"wp:attachment":[{"href":"https:\/\/www.lodelmomentoloja.com\/index.php?rest_route=%2Fwp%2Fv2%2Fmedia&parent=26133"}],"wp:term":[{"taxonomy":"category","embeddable":true,"href":"https:\/\/www.lodelmomentoloja.com\/index.php?rest_route=%2Fwp%2Fv2%2Fcategories&post=26133"},{"taxonomy":"post_tag","embeddable":true,"href":"https:\/\/www.lodelmomentoloja.com\/index.php?rest_route=%2Fwp%2Fv2%2Ftags&post=26133"}],"curies":[{"name":"wp","href":"https:\/\/api.w.org\/{rel}","templated":true}]}}