{"id":26121,"date":"2025-05-19T11:19:56","date_gmt":"2025-05-19T11:19:56","guid":{"rendered":"https:\/\/www.lodelmomentoloja.com\/?p=26121"},"modified":"2025-05-19T16:53:11","modified_gmt":"2025-05-19T16:53:11","slug":"asamblea-nacional-aprueba-las-comisiones-especializadas-permanentes-periodo-2025-2029","status":"publish","type":"post","link":"https:\/\/www.lodelmomentoloja.com\/?p=26121","title":{"rendered":"ASAMBLEA NACIONAL APRUEBA LAS COMISIONES ESPECIALIZADAS PERMANENTES"},"content":{"rendered":"<p>\ud83d\ude31\ud83d\udfe3\ud83d\udde3\ufe0f \u00a1A favor del oficialismo!\u00a0 Con 78 votos a favor, 65 en contra y 4 abstenciones el Pleno de la Asamblea Nacional aprob\u00f3 la moci\u00f3n para integrar las comisiones especializadas permanentes, planteada por el legislador de ADN, Ferdinan \u00c1lvarez. La expectativa se mantuvo en definir si la bancada Acci\u00f3n Democr\u00e1tica Nacional (ADN) lograr\u00eda captar las comisiones de mayor trascendencia, pero las negociones les dieron resultados favorables.<\/p>\n<p>Por lo que, la bancada oficialista capt\u00f3 12 de las 15 mesas legislativas, dos estar\u00e1n presididas por la Revoluci\u00f3n Ciudadana (RC) y una por el movimiento Pachakutik, mientras que el Partido Social Cristiano (PSC) no obtuvo ninguna.<\/p>\n<ul>\n<li>En este sentido, las mesas legislativas permanentes que, deber\u00e1n estar conformadas por 10 asamble\u00edstas, quedan integradas de la siguiente manera:1. Comisi\u00f3n de Justicia y Estructura de Estado<br \/>\n&#8211; Rosa Alegr\u00eda Torres (ADN) Presidenta<br \/>\n&#8211; Fernando Nantipia (PK) Vicepresidente<br \/>\n&#8211; Esteban Torres (ADN)<br \/>\n&#8211; Kevin Gallardo (ADN)<br \/>\n&#8211; Marco Olmedo (ADN)<br \/>\n&#8211; Analisse Jaramillo (ADN)<br \/>\n&#8211; Nuvia Vega (ADN)<br \/>\n&#8211; C\u00e9sar Gustavo Palacios (RC)<br \/>\n&#8211; Gabriela Molina (RC)<br \/>\n&#8211; Eliana Corra (RC)<\/p>\n<p>2. Comisi\u00f3n del Derecho al Trabajo y a la Seguridad Social<br \/>\n&#8211; Eckenner Recalde (ADN) Presidente<br \/>\n&#8211; Paola Jaramillo (ADN) Vicepresidente<br \/>\n&#8211; Christopher Jaramillo (ADN)<br \/>\n&#8211; Naila Quintana (ADN)<br \/>\n&#8211; Elizabeth Vega (ADN)<br \/>\n&#8211; Carmen Tiupul (PK)<br \/>\n&#8211; Roberto Cuero (RC)<br \/>\n&#8211; Humberto Alvarado (RC)<br \/>\n&#8211; Fernando de la Torre (RC)<br \/>\n&#8211; Juan Pablo Molina (RC)<\/p>\n<p>3. Comisi\u00f3n del R\u00e9gimen Econ\u00f3mico y Tributario y su Regulaci\u00f3n y Control<br \/>\n&#8211; Nathalie Farinango (ADN) Presidenta<br \/>\n&#8211; Adri\u00e1n Castro (ADN) Vicepresidente<br \/>\n&#8211; Mar\u00eda Cristina Acu\u00f1a (ADN)<br \/>\n&#8211; Mar\u00eda del Cisne Molina (ADN)<br \/>\n&#8211; Hern\u00e1n Zapata (ADN)<br \/>\n&#8211; Carlos Villacreses (ADN)<br \/>\n&#8211; Jos\u00e9 Vallejo (RC)<br \/>\n&#8211; M\u00f3nica Alem\u00e1n (RC)<br \/>\n&#8211; Mariuxi S\u00e1nchez (RC)<br \/>\n&#8211; Liliana Dur\u00e1n (RC)<\/p>\n<p>4. Comisi\u00f3n de Desarrollo Econ\u00f3mico, Producto y la Microempresa<br \/>\n&#8211; Valentina Centeno (ADN) Presidenta<br \/>\n&#8211; Diego Franco (ADN) Vicepresidente<br \/>\n&#8211; Steven Ord\u00f3\u00f1ez (ADN)<br \/>\n&#8211; Lenin Alejandro Lara (ADN)<br \/>\n&#8211; \u00c1lex Mor\u00e1n (ADN)<br \/>\n&#8211; Mishelle Mancheno (ADN)<br \/>\n&#8211; Jes\u00fas Arias (RC)<br \/>\n&#8211; Diego Salas (RC)<br \/>\n&#8211; Sergio Pe\u00f1a (RC)<br \/>\n&#8211; Mabel M\u00e9ndez (RC)<\/p>\n<p>5. Comisi\u00f3n de Relaciones Internacionales y Movilidad Humana<br \/>\n&#8211; Luc\u00eda Jaramillo (ADN) Presidenta<br \/>\n&#8211; Johnny Lavayen Tamayo (ADN) Vicepresidente<br \/>\n&#8211; Graciela Ram\u00edrez (ADN)<br \/>\n&#8211; Dom\u00e9nica Escobar (ADN)<br \/>\n&#8211; Edwin Jarr\u00edn (Independiente 1)<br \/>\n&#8211; Arasdely Parrales (RC)<br \/>\n&#8211; Bertha V\u00e9lez (RC)<br \/>\n&#8211; Ledy Z\u00fa\u00f1iga (RC)<br \/>\n&#8211; Noem\u00ed Cabrera (RC)<\/p>\n<p>6. Comisi\u00f3n de Biodiversidad y Recursos Naturales<br \/>\n&#8211; Camila Le\u00f3n (ADN) Presidenta<br \/>\n&#8211; Fernando Jaramillo (ADN) Vicepresidente<br \/>\n&#8211; Katherine Pacheco (ADN)<br \/>\n&#8211; Sade Fritschi (ADN)<br \/>\n&#8211; Esperanza Rogel (ADN)<br \/>\n&#8211; Yadira Bayas (ADN)<br \/>\n&#8211; Manuel Cassanova (RC)<br \/>\n&#8211; Franklin Samaniego (RC)<br \/>\n&#8211; Pamela Aguirre (RC)<br \/>\n&#8211; Cristhian Hern\u00e1ndez (RC)<\/p>\n<p>7. Comisi\u00f3n de Soberan\u00eda Alimentaria y Desarrollo del Sector Agropecuario y Pesquero<br \/>\n&#8211; Janina Rizzo (ADN) Presidenta<br \/>\n&#8211; Juan Gonzaga (Independiente 2) Vicepresidente<br \/>\n&#8211; Eduardo Mendoza (ADN)<br \/>\n&#8211; Manuel Blacio (ADN)<br \/>\n&#8211; Lorena Rosado (ADN)<br \/>\n&#8211; Besibel Mendoza (ADN)<br \/>\n&#8211; Vicente B\u00e1ez (RC)<br \/>\n&#8211; Luis Molina (RC)<br \/>\n&#8211; Juan Andr\u00e9s Gonz\u00e1lez (RC)<br \/>\n&#8211; Nubia Buti\u00f1\u00e1 (RC)<\/p>\n<p>8. Comisi\u00f3n de Gobiernos Aut\u00f3nomos, Descentralizaci\u00f3n, Competencias y Organizaci\u00f3n del Territorio<br \/>\n&#8211; Luc\u00eda Pozo (ADN) Presidenta<br \/>\n&#8211; Cristhian Benav\u00eddez Fuente (Independiente) Vicepresidente<br \/>\n&#8211; Samuel C\u00e9lleri (Independiente)<br \/>\n&#8211; Pablo Jurado (Independiente)<br \/>\n&#8211; Milton Aguas (ADN)<br \/>\n&#8211; Manuel Choro (PK)<br \/>\n&#8211; Carlos Vega (RC)<br \/>\n&#8211; Xavier Lasso (RC)<br \/>\n&#8211; Patricia N\u00fa\u00f1ez (RC)<br \/>\n&#8211; Sandra Figueroa (RC)<\/p>\n<p>9. Comisi\u00f3n de Educaci\u00f3n, Cultura, Ciencia, Tecnolog\u00eda, Innovaci\u00f3n y Saberes Ancentrales<br \/>\n&#8211; Cecilia Baltazar (PK) Presidenta<br \/>\n&#8211; John Polanco (ADN) Vicepresidente<br \/>\n&#8211; Henry B\u00f3squez (ADN)<br \/>\n&#8211; Luis J\u00e1come (ADN)<br \/>\n&#8211; M\u00f3nica Salazar (Independiente)<br \/>\n&#8211; \u00c1lex Toapanta (PK)<br \/>\n&#8211; Alfredo Serrano (PSC)<br \/>\n&#8211; Ana Bel\u00e9n Yela (RC)<br \/>\n&#8211; Patricio Ch\u00e1vez (RC)<br \/>\n&#8211; Ana Mar\u00eda Raffo (RC)<\/p>\n<p>10. Comisi\u00f3n del Derecho a la Salud y Deporte<br \/>\n&#8211; Juan Jos\u00e9 Reyes (ADN) Presidente<br \/>\n&#8211; Diana Blacio (ADN) Vicepresidenta<br \/>\n&#8211; Annabella Az\u00edn (ADN)<br \/>\n&#8211; Andr\u00e9s Guschmer (ADN)<br \/>\n&#8211; Anthony Becerra (ADN)<br \/>\n&#8211; Fabricio Tamayo (ADN)<br \/>\n&#8211; Victoria Desintonio (RC)<br \/>\n&#8211; Santiago D\u00edaz (RC)<br \/>\n&#8211; Andr\u00e9s Campos (RC)<br \/>\n&#8211; Cristina J\u00e1come (RC)<\/p>\n<p>11. Comisi\u00f3n de Transparencia, Participaci\u00f3n Ciudadana y Control Social<br \/>\n&#8211; Diana J\u00e1come (ADN) Presidenta<br \/>\n&#8211; Edmundo Cerda (PK) Vicepresidente<br \/>\n&#8211; Issac Solano (ADN)<br \/>\n&#8211; Jorge Guevara (ADN)<br \/>\n&#8211; Dominique Serrano (ADN)<br \/>\n&#8211; Dina Farinango (PK)<br \/>\n&#8211; Jorge Chamba (ADN)<br \/>\n&#8211; Blasco Luna (RC)<br \/>\n&#8211; Germania Romero (RC)<br \/>\n&#8211; Otto Vera (PSC)<\/p>\n<p>12. Comisi\u00f3n de Garant\u00edas Constitucionales, Derechos Humanos, Derechos Colectivos y la Interculturalidad<br \/>\n&#8211; Roque Ord\u00f3\u00f1ez (RC) Presidente<br \/>\n&#8211; Comps C\u00f3rdona (RC) Vicepresidente<br \/>\n&#8211; Jaime Estrada (RC)<br \/>\n&#8211; Fernando Cede\u00f1o (RC)<br \/>\n&#8211; H\u00e9ctor Valladares (RC)<br \/>\n&#8211; H\u00e9ctor Rodr\u00edguez (RC)<br \/>\n&#8211; Ver\u00f3nica I\u00f1iguez (RC)<br \/>\n&#8211; Gustavo Mateus (RC)<br \/>\n&#8211; Lenin Barreto (RC)<br \/>\n&#8211; Segundo Toala (RC)<\/p>\n<p>13. Comisi\u00f3n de Soberan\u00eda, Integraci\u00f3n y Seguridad Integral<br \/>\n&#8211; In\u00e9s Alarc\u00f3n (ADN) Presidente<br \/>\n&#8211; Andr\u00e9s Castillo (ADN) Vicepresidente<br \/>\n&#8211; Camila Cueva (ADN)<br \/>\n&#8211; Mario Zambrano (ADN)<br \/>\n&#8211; Gema Due\u00f1as (ADN)<br \/>\n&#8211; Francisco Cevallos (ADN)<br \/>\n&#8211; Mari\u00e1n Yumbay (PK)<br \/>\n&#8211; Gerardo Machado (RC)<br \/>\n&#8211; Jhajaira Urresta (RC)<br \/>\n&#8211; Jahiren Noriega (RC)<\/p>\n<p>14. Comisi\u00f3n de Protecci\u00f3n Integral a Ni\u00f1as, Ni\u00f1os y Adolescentes<br \/>\n&#8211; Ricardo Pati\u00f1o (RC) Presidente<br \/>\n&#8211; Viviana Veloz (RC) Vicepresidenta<br \/>\n&#8211; M\u00f3nica Palacios (RC)<br \/>\n&#8211; Paola Cabezas (RC)<br \/>\n&#8211; Alejandro Vanegas (RC)<br \/>\n&#8211; Ra\u00fal Ch\u00e1vez (RC)<br \/>\n&#8211; Guido Mendoza (RC)<br \/>\n&#8211; Mireya Pazmi\u00f1o (RC)<br \/>\n&#8211; Ronald Gonz\u00e1lez (RC)<br \/>\n&#8211; Jhonny Ter\u00e1n (PSC)<\/p>\n<p>15. Comisi\u00f3n de Fiscalizaci\u00f3n y Control Pol\u00edtico<br \/>\n&#8211; Ferdinan \u00c1lvarez (ADN) Presidente<br \/>\n&#8211; Nathaly Morillo (ADN) Vicepresidenta<br \/>\n&#8211; Fabiola Sanmart\u00edn (ADN)<br \/>\n&#8211; Ana Bel\u00e9n Tapia (ADN)<br \/>\n&#8211; Mar\u00eda Villacreses (ADN)<br \/>\n&#8211; Jos\u00e9 Nango (PK)<br \/>\n&#8211; Janeth Bustos (RC)<br \/>\n&#8211; Fricson George (RC)<br \/>\n&#8211; Nakin Saant (RC)<br \/>\n&#8211; Ana Herrera (RC)<\/li>\n<\/ul>\n<p>\ud83c\udf10\u2705 S\u00edguenos en nuestra p\u00e1gina verificada: https:\/\/www.facebook.com\/lodelmomentolojaEC<\/p>\n<p>www.lodelmomentoloja.com<br \/>\n#LDMnoticias #lodelmomentolojaLDM<\/p>\n","protected":false},"excerpt":{"rendered":"<p>\ud83d\ude31\ud83d\udfe3\ud83d\udde3\ufe0f \u00a1A favor del oficialismo!\u00a0 Con 78 votos a favor, 65 en contra y 4&#8230;<\/p>\n","protected":false},"author":1,"featured_media":26124,"comment_status":"open","ping_status":"open","sticky":false,"template":"","format":"standard","meta":{"footnotes":""},"categories":[7,1,5],"tags":[],"class_list":["post-26121","post","type-post","status-publish","format-standard","has-post-thumbnail","hentry","category-ecuador","category-inicio","category-loja"],"_links":{"self":[{"href":"https:\/\/www.lodelmomentoloja.com\/index.php?rest_route=\/wp\/v2\/posts\/26121"}],"collection":[{"href":"https:\/\/www.lodelmomentoloja.com\/index.php?rest_route=\/wp\/v2\/posts"}],"about":[{"href":"https:\/\/www.lodelmomentoloja.com\/index.php?rest_route=\/wp\/v2\/types\/post"}],"author":[{"embeddable":true,"href":"https:\/\/www.lodelmomentoloja.com\/index.php?rest_route=\/wp\/v2\/users\/1"}],"replies":[{"embeddable":true,"href":"https:\/\/www.lodelmomentoloja.com\/index.php?rest_route=%2Fwp%2Fv2%2Fcomments&post=26121"}],"version-history":[{"count":3,"href":"https:\/\/www.lodelmomentoloja.com\/index.php?rest_route=\/wp\/v2\/posts\/26121\/revisions"}],"predecessor-version":[{"id":26126,"href":"https:\/\/www.lodelmomentoloja.com\/index.php?rest_route=\/wp\/v2\/posts\/26121\/revisions\/26126"}],"wp:featuredmedia":[{"embeddable":true,"href":"https:\/\/www.lodelmomentoloja.com\/index.php?rest_route=\/wp\/v2\/media\/26124"}],"wp:attachment":[{"href":"https:\/\/www.lodelmomentoloja.com\/index.php?rest_route=%2Fwp%2Fv2%2Fmedia&parent=26121"}],"wp:term":[{"taxonomy":"category","embeddable":true,"href":"https:\/\/www.lodelmomentoloja.com\/index.php?rest_route=%2Fwp%2Fv2%2Fcategories&post=26121"},{"taxonomy":"post_tag","embeddable":true,"href":"https:\/\/www.lodelmomentoloja.com\/index.php?rest_route=%2Fwp%2Fv2%2Ftags&post=26121"}],"curies":[{"name":"wp","href":"https:\/\/api.w.org\/{rel}","templated":true}]}}