{"id":26102,"date":"2025-05-16T14:47:44","date_gmt":"2025-05-16T14:47:44","guid":{"rendered":"https:\/\/www.lodelmomentoloja.com\/?p=26102"},"modified":"2025-05-16T19:49:54","modified_gmt":"2025-05-16T19:49:54","slug":"cabildo-de-loja-define-comisiones-y-ratifica-a-diana-guayanay-como-vicealcaldesa","status":"publish","type":"post","link":"https:\/\/www.lodelmomentoloja.com\/?p=26102","title":{"rendered":"CABILDO DE LOJA DEFINE COMISIONES Y RATIFICA A DIANA GUAYANAY COMO VICEALCALDESA"},"content":{"rendered":"<p>En una sesi\u00f3n extraordinaria de Cabildo desarrollada la tarde del jueves 15 de mayo, el alcalde Franco Quezada junto a los miembros del Cabildo Municipal, por unanimidad se reeligi\u00f3 a la Mgs. Diana Guayanay Llanes como vicealcaldesa del cant\u00f3n Loja para el periodo 2025 \u2013 2027, tras la moci\u00f3n presentada por el concejal Pablo Carri\u00f3n.<\/p>\n<p>Los concejales destacaron el trabajo comprometido y eficiente desarrollado por la autoridad durante su primer periodo. En ese sentido, el edil Carri\u00f3n se\u00f1al\u00f3 que esta designaci\u00f3n tambi\u00e9n reconoce el papel de la mujer en el \u00e1mbito pol\u00edtico.<\/p>\n<p>Como acto seguido, se realiz\u00f3 el acto de posesi\u00f3n oficial posesi\u00f3n oficial para el nuevo periodo, adem\u00e1s que, Franco Quezada entreg\u00f3 un reconocimiento a la vicealcaldesa por su aporte y liderazgo durante su primera gesti\u00f3n.<\/p>\n<p>La sesi\u00f3n tambi\u00e9n tuvo objetivo la conformaci\u00f3n de las comisiones del Cabildo que, dicho sea de paso, se estableci\u00f3 previo a la reuni\u00f3n entre los concejales y el burgomaestre lojano donde se aprob\u00f3 las propuestas planteadas, en este sentido, las 11 comisiones quedaron integradas de la siguiente manera:<\/p>\n<p>Comisi\u00f3n de Mesa<br \/>\n&#8211; Alcalde Franco Quezada: Presidente<br \/>\n&#8211; Mgtr. Diana Guayanay Llanes<br \/>\n&#8211; Dr. Pablo Carri\u00f3n Jaramillo<\/p>\n<p>Comisi\u00f3n de Planificaci\u00f3n y Presupuesto<br \/>\n&#8211; Arq. Yuri Yaguana: Presidente<br \/>\n&#8211; Econ. Pablo Qui\u00f1onez<br \/>\n&#8211; Dr. Miguel Castillo<\/p>\n<p>Comisi\u00f3n de Igualdad G\u00e9nero e Inclusi\u00f3n Social<br \/>\n&#8211; Dr. Miguel Castillo: Presidente<br \/>\n&#8211; Mgtr. Santiago Err\u00e1ez<br \/>\n&#8211; Mgtr. Ad\u00e1lver Gaona<br \/>\nComisi\u00f3n de Legislaci\u00f3n y Fiscalizaci\u00f3n<br \/>\n&#8211; Dr. John Espinosa Villacr\u00e9s: Presidente<br \/>\n&#8211; Dr. Pablo Carri\u00f3n<br \/>\n&#8211; Econ. Pablo Qui\u00f1onez<\/p>\n<p>Comisi\u00f3n de Turismo y Medio Ambiente<br \/>\n&#8211; Mgtr. Diana Guayanay: Presidente<br \/>\n&#8211; Ing. Lenin Cuenca<br \/>\n&#8211; Dr. John Espinoza<\/p>\n<p>Comisi\u00f3n de Servicios P\u00fablicos, Mercados, Abastos, Ferias Libres y Defensa del Consumidor<br \/>\n&#8211; Ing. Lenin Cuenca: Presidente<br \/>\n&#8211; Arq. Yuri Yaguana<br \/>\n&#8211; Dr. Polibio V\u00e9lez<\/p>\n<p>Comisi\u00f3n de Tr\u00e1nsito, Transporte Terrestre y Seguridad Vial<br \/>\n&#8211; Dr. Iv\u00e1n Lude\u00f1a: Presidente<br \/>\n&#8211; Dr. John Espinoza<br \/>\n&#8211; Dr. Polibio V\u00e9lez<\/p>\n<p>Comisi\u00f3n de Educaci\u00f3n, Cultura, Deportes y Recreaci\u00f3n, Parques, V\u00edas y Monumentos<br \/>\n&#8211; Dr. Pablo Carri\u00f3n: Presidente<br \/>\n&#8211; Mgtr. Santiago Err\u00e1ez<br \/>\n&#8211; Mgtr. Ad\u00e1lber Gaona<\/p>\n<p>Comisi\u00f3n de Producci\u00f3n, Comercializaci\u00f3n, Soberan\u00eda Alimentaria y Emprendimiento<br \/>\n&#8211; Econ. Pablo Qui\u00f1onez: Presidente<br \/>\n&#8211; Mgtr. Diana Guayanay<br \/>\n&#8211; Dr. Miguel Castillo<\/p>\n<p>Comisi\u00f3n de Seguridad y Convivencia Ciudadana<br \/>\n&#8211; Dr. Polibio V\u00e9lez: Presidente<br \/>\n&#8211; Dr. Iv\u00e1n Lude\u00f1a<br \/>\n&#8211; Arq. Yuri Yaguana<\/p>\n<p>Comisi\u00f3n para el Desarrollo de las Parroquias Rurales<br \/>\n&#8211; Mgtr. Ad\u00e1lber Gaona<br \/>\n&#8211; Ing. Lenin Cuenca<br \/>\n&#8211; Dr. Iv\u00e1n Lude\u00f1a<\/p>\n<p>\ud83c\udf10\u2705 S\u00edguenos en nuestra p\u00e1gina verificada: https:\/\/www.facebook.com\/lodelmomentolojaEC<\/p>\n<p>www.lodelmomentoloja.com<br \/>\n#LDMnoticias #lodelmomentolojaLDM<\/p>\n","protected":false},"excerpt":{"rendered":"<p>En una sesi\u00f3n extraordinaria de Cabildo desarrollada la tarde del jueves 15 de mayo, el&#8230;<\/p>\n","protected":false},"author":1,"featured_media":26104,"comment_status":"open","ping_status":"open","sticky":false,"template":"","format":"standard","meta":{"footnotes":""},"categories":[7,1,5],"tags":[],"class_list":["post-26102","post","type-post","status-publish","format-standard","has-post-thumbnail","hentry","category-ecuador","category-inicio","category-loja"],"_links":{"self":[{"href":"https:\/\/www.lodelmomentoloja.com\/index.php?rest_route=\/wp\/v2\/posts\/26102"}],"collection":[{"href":"https:\/\/www.lodelmomentoloja.com\/index.php?rest_route=\/wp\/v2\/posts"}],"about":[{"href":"https:\/\/www.lodelmomentoloja.com\/index.php?rest_route=\/wp\/v2\/types\/post"}],"author":[{"embeddable":true,"href":"https:\/\/www.lodelmomentoloja.com\/index.php?rest_route=\/wp\/v2\/users\/1"}],"replies":[{"embeddable":true,"href":"https:\/\/www.lodelmomentoloja.com\/index.php?rest_route=%2Fwp%2Fv2%2Fcomments&post=26102"}],"version-history":[{"count":1,"href":"https:\/\/www.lodelmomentoloja.com\/index.php?rest_route=\/wp\/v2\/posts\/26102\/revisions"}],"predecessor-version":[{"id":26105,"href":"https:\/\/www.lodelmomentoloja.com\/index.php?rest_route=\/wp\/v2\/posts\/26102\/revisions\/26105"}],"wp:featuredmedia":[{"embeddable":true,"href":"https:\/\/www.lodelmomentoloja.com\/index.php?rest_route=\/wp\/v2\/media\/26104"}],"wp:attachment":[{"href":"https:\/\/www.lodelmomentoloja.com\/index.php?rest_route=%2Fwp%2Fv2%2Fmedia&parent=26102"}],"wp:term":[{"taxonomy":"category","embeddable":true,"href":"https:\/\/www.lodelmomentoloja.com\/index.php?rest_route=%2Fwp%2Fv2%2Fcategories&post=26102"},{"taxonomy":"post_tag","embeddable":true,"href":"https:\/\/www.lodelmomentoloja.com\/index.php?rest_route=%2Fwp%2Fv2%2Ftags&post=26102"}],"curies":[{"name":"wp","href":"https:\/\/api.w.org\/{rel}","templated":true}]}}