{"id":261,"date":"2020-10-30T10:00:59","date_gmt":"2020-10-30T10:00:59","guid":{"rendered":"http:\/\/www.lodelmomentoloja.com\/?p=261"},"modified":"2020-11-10T00:43:31","modified_gmt":"2020-11-10T00:43:31","slug":"fundacion-victoria-capacita-a-emprendedores","status":"publish","type":"post","link":"https:\/\/www.lodelmomentoloja.com\/?p=261","title":{"rendered":"Fundaci\u00f3n Victoria capacita a emprendedores."},"content":{"rendered":"\n<figure class=\"wp-block-image\"><img decoding=\"async\" src=\"https:\/\/scontent.floh1-1.fna.fbcdn.net\/v\/t1.0-9\/123242210_840489050054520_14436884362552763_o.jpg?_nc_cat=105&amp;ccb=2&amp;_nc_sid=8bfeb9&amp;_nc_ohc=k8D9sd6E3bcAX_FtAxZ&amp;_nc_ht=scontent.floh1-1.fna&amp;oh=9659fab3c97dd09b368895d23b082dfd&amp;oe=5FCE95E8\" alt=\"\"\/><\/figure>\n\n\n\n<p>Capacitaci\u00f3n para emprendedores lojanos.<\/p>\n\n\n\n<p>Desde las instalaciones de la C\u00e1mara de Comercio se llev\u00f3 a cabo la Capacitaci\u00f3n sobre la Ley Org\u00e1nica de Emprendimiento e Innovaci\u00f3n a emprendedores lojanos de forma gratuita, iniciativa que se realiz\u00f3 gracias a Fundaci\u00f3n Victoria; dicho aforo cumpli\u00f3 con todas las expectativas al tener un lleno total.<\/p>\n\n\n\n<p>Magdalena Fernandez presidenta de Fundaci\u00f3n Victoria coment\u00f3 que esta capacitaci\u00f3n es el inicio en esta acci\u00f3n, pues considera lo importante que los emprendedores lojanos se formen y entiendan sobre esta ley del emprendimiento. Adem\u00e1s agradeci\u00f3 a la empresa privada QUIPUS LTDA asesores comerciales, por apoyar estos eventos de mucho aprendizaje.<\/p>\n","protected":false},"excerpt":{"rendered":"<p>Capacitaci\u00f3n para emprendedores lojanos. Desde las instalaciones de la C\u00e1mara de Comercio se llev\u00f3 a&#8230;<\/p>\n","protected":false},"author":1,"featured_media":266,"comment_status":"open","ping_status":"open","sticky":false,"template":"","format":"standard","meta":{"footnotes":""},"categories":[1,5],"tags":[],"class_list":["post-261","post","type-post","status-publish","format-standard","has-post-thumbnail","hentry","category-inicio","category-loja"],"_links":{"self":[{"href":"https:\/\/www.lodelmomentoloja.com\/index.php?rest_route=\/wp\/v2\/posts\/261"}],"collection":[{"href":"https:\/\/www.lodelmomentoloja.com\/index.php?rest_route=\/wp\/v2\/posts"}],"about":[{"href":"https:\/\/www.lodelmomentoloja.com\/index.php?rest_route=\/wp\/v2\/types\/post"}],"author":[{"embeddable":true,"href":"https:\/\/www.lodelmomentoloja.com\/index.php?rest_route=\/wp\/v2\/users\/1"}],"replies":[{"embeddable":true,"href":"https:\/\/www.lodelmomentoloja.com\/index.php?rest_route=%2Fwp%2Fv2%2Fcomments&post=261"}],"version-history":[{"count":1,"href":"https:\/\/www.lodelmomentoloja.com\/index.php?rest_route=\/wp\/v2\/posts\/261\/revisions"}],"predecessor-version":[{"id":267,"href":"https:\/\/www.lodelmomentoloja.com\/index.php?rest_route=\/wp\/v2\/posts\/261\/revisions\/267"}],"wp:featuredmedia":[{"embeddable":true,"href":"https:\/\/www.lodelmomentoloja.com\/index.php?rest_route=\/wp\/v2\/media\/266"}],"wp:attachment":[{"href":"https:\/\/www.lodelmomentoloja.com\/index.php?rest_route=%2Fwp%2Fv2%2Fmedia&parent=261"}],"wp:term":[{"taxonomy":"category","embeddable":true,"href":"https:\/\/www.lodelmomentoloja.com\/index.php?rest_route=%2Fwp%2Fv2%2Fcategories&post=261"},{"taxonomy":"post_tag","embeddable":true,"href":"https:\/\/www.lodelmomentoloja.com\/index.php?rest_route=%2Fwp%2Fv2%2Ftags&post=261"}],"curies":[{"name":"wp","href":"https:\/\/api.w.org\/{rel}","templated":true}]}}