{"id":2608,"date":"2021-02-20T11:00:23","date_gmt":"2021-02-20T11:00:23","guid":{"rendered":"http:\/\/www.lodelmomentoloja.com\/?p=2608"},"modified":"2021-02-20T16:37:37","modified_gmt":"2021-02-20T16:37:37","slug":"se-despiden-de-roldan-en-twitter","status":"publish","type":"post","link":"https:\/\/www.lodelmomentoloja.com\/?p=2608","title":{"rendered":"SE DESPIDEN DE ROLD\u00c1N EN TWITTER."},"content":{"rendered":"<p>#Ecuador | La despedida por twitter para Rold\u00e1n.<\/p>\n<p>Luego de haber asumido el cargo en marzo del 2018 como Secretario particular del presidente Len\u00edn Moreno, este viernes 19 de febrero 2021 Juan Sebasti\u00e1n Rold\u00e1n present\u00f3 su renuncia, esto a escasos 95 d\u00edas de culminar el actual periodo presidencial. Roldan era la cara m\u00e1s visible del actual Gobierno, incluso, mediante una entrevista televisiva el pa\u00eds se enter\u00f3 que el primer mandatario se hab\u00eda vacunado contra el Covid-19.<\/p>\n<p>Tras exponer su renuncia en su cuenta oficial de twitter, los mensajes de despedida, tanto el presidente Moreno como diferentes Ministro han sido casi inmediatos.<\/p>\n<p>Estos fueron los mensajes de despedida que le dieron a Juan Sebasti\u00e1n Roldan, Exsecretario General de Gabinete de la Presidencia:<\/p>\n<ul>\n<li>19h09 \/ Jorge Wated: &#8220;Los Guayaquile\u00f1os jam\u00e1s vamos a olvidar el apoyo que nos diste en el peor momento de la pandemia dejando a tu familia para ayudarnos en Guayaquil y a mi personalmente con la Fuerza de Tarea Conjunta para levantar a nuestros fallecidos, Gracias por tu apoyo de siempre.&#8221;<\/li>\n<li>19h20 \/ Lenin Moreno: &#8220;<span class=\"css-901oao css-16my406 r-poiln3 r-bcqeeo r-qvutc0\">Mi profundo agradecimiento a <\/span><span class=\"r-18u37iz\"><a class=\"css-4rbku5 css-18t94o4 css-901oao css-16my406 r-1n1174f r-1loqt21 r-poiln3 r-bcqeeo r-qvutc0\" dir=\"ltr\" role=\"link\" href=\"https:\/\/twitter.com\/juanseroldan\" data-focusable=\"true\">@juanseroldan<\/a> <\/span>por acompa\u00f1ar mis ideales de transformaci\u00f3n y mi empe\u00f1o por dejar un mejor pa\u00eds que el que recibimos. Su lealtad y aporte son invaluables. Que en el futuro la vida le sea tan grata como \u00e9l lo ha sido con la Patria.&#8221;<\/li>\n<li>19h30 \/ Caridad Vela: &#8220;<span class=\"css-901oao css-16my406 r-poiln3 r-bcqeeo r-qvutc0\">Es un privilegio trabajar junto a personas que se dejan el alma en lo que hacen. Gracias <\/span><span class=\"r-18u37iz\"><a class=\"css-4rbku5 css-18t94o4 css-901oao css-16my406 r-1n1174f r-1loqt21 r-poiln3 r-bcqeeo r-qvutc0\" dir=\"ltr\" role=\"link\" href=\"https:\/\/twitter.com\/juanseroldan\" data-focusable=\"true\">@juanseroldan<\/a> <\/span>por su liderazgo, por el valor demostrado durante estos a\u00f1os de gesti\u00f3n, y por su inquebrantable lealtad al gobierno del Presidente <span class=\"r-18u37iz\"><a class=\"css-4rbku5 css-18t94o4 css-901oao css-16my406 r-1n1174f r-1loqt21 r-poiln3 r-bcqeeo r-qvutc0\" dir=\"ltr\" role=\"link\" href=\"https:\/\/twitter.com\/Lenin\" data-focusable=\"true\">@Lenin<\/a><\/span>.&#8221;<\/li>\n<li>19h39 \/ Andr\u00e9s Isch: &#8220;<span class=\"css-901oao css-16my406 r-poiln3 r-bcqeeo r-qvutc0\">Estimado <\/span><span class=\"r-18u37iz\"><a class=\"css-4rbku5 css-18t94o4 css-901oao css-16my406 r-1n1174f r-1loqt21 r-poiln3 r-bcqeeo r-qvutc0\" dir=\"ltr\" role=\"link\" href=\"https:\/\/twitter.com\/juanseroldan\" data-focusable=\"true\">@juanseroldan<\/a><\/span><span class=\"css-901oao css-16my406 r-poiln3 r-bcqeeo r-qvutc0\">, tu compromiso para ayudar a recuperar institucionalidad y la democracia en el Pa\u00eds, sobre todo en los momentos m\u00e1s duros, es incuestionable. Mi agradecimiento sincero por todo el esfuerzo y sacrificio puesto en esa tarea.<\/span>&#8220;<\/li>\n<li>20h24 \/ Gabriel Mart\u00ednez: &#8220;<span class=\"css-901oao css-16my406 r-poiln3 r-bcqeeo r-qvutc0\">Gracias <\/span><span class=\"r-18u37iz\"><a class=\"css-4rbku5 css-18t94o4 css-901oao css-16my406 r-1n1174f r-1loqt21 r-poiln3 r-bcqeeo r-qvutc0\" dir=\"ltr\" role=\"link\" href=\"https:\/\/twitter.com\/juanseroldan\" data-focusable=\"true\">@juanseroldan<\/a> <\/span><span class=\"css-901oao css-16my406 r-poiln3 r-bcqeeo r-qvutc0\">por la entrega, compromiso y aporte para dejar un <\/span><span class=\"r-18u37iz\"><a class=\"css-4rbku5 css-18t94o4 css-901oao css-16my406 r-1n1174f r-1loqt21 r-poiln3 r-bcqeeo r-qvutc0\" dir=\"ltr\" role=\"link\" href=\"https:\/\/twitter.com\/hashtag\/Ecuador?src=hashtag_click\" data-focusable=\"true\">#Ecuador<\/a><\/span><span class=\"css-901oao css-16my406 r-poiln3 r-bcqeeo r-qvutc0\"> mejor del que recibimos. Conocemos de su firme convicci\u00f3n de que es posible transformar el pa\u00eds.<\/span>&#8220;<\/li>\n<\/ul>\n<p class=\"prose-text\">El Exfuncionario, agradeci\u00f3 a todos los ecuatorianos por los tres a\u00f1os de servicio y mencion\u00f3 en su mensaje al \u2018querido Presidente Len\u00edn\u2019, a quien agradeci\u00f3 por la confianza y los aprendizajes recibidos.<\/p>\n<p><img loading=\"lazy\" decoding=\"async\" class=\"alignnone wp-image-2610 size-large\" src=\"http:\/\/www.lodelmomentoloja.com\/wp-content\/uploads\/2021\/02\/EuoKt5mXYAE0EBX-1024x1024.jpg\" alt=\"\" width=\"640\" height=\"640\" srcset=\"https:\/\/www.lodelmomentoloja.com\/wp-content\/uploads\/2021\/02\/EuoKt5mXYAE0EBX-1024x1024.jpg 1024w, https:\/\/www.lodelmomentoloja.com\/wp-content\/uploads\/2021\/02\/EuoKt5mXYAE0EBX-300x300.jpg 300w, https:\/\/www.lodelmomentoloja.com\/wp-content\/uploads\/2021\/02\/EuoKt5mXYAE0EBX-150x150.jpg 150w, https:\/\/www.lodelmomentoloja.com\/wp-content\/uploads\/2021\/02\/EuoKt5mXYAE0EBX-768x768.jpg 768w, https:\/\/www.lodelmomentoloja.com\/wp-content\/uploads\/2021\/02\/EuoKt5mXYAE0EBX-640x640.jpg 640w, https:\/\/www.lodelmomentoloja.com\/wp-content\/uploads\/2021\/02\/EuoKt5mXYAE0EBX-50x50.jpg 50w, https:\/\/www.lodelmomentoloja.com\/wp-content\/uploads\/2021\/02\/EuoKt5mXYAE0EBX.jpg 1080w\" sizes=\"(max-width: 640px) 100vw, 640px\" \/><\/p>\n<p>#LDMnoticias #lodelmomentolojaLDM<\/p>\n","protected":false},"excerpt":{"rendered":"<p>#Ecuador | La despedida por twitter para Rold\u00e1n. Luego de haber asumido el cargo en&#8230;<\/p>\n","protected":false},"author":1,"featured_media":2609,"comment_status":"open","ping_status":"open","sticky":false,"template":"","format":"standard","meta":{"footnotes":""},"categories":[1],"tags":[],"class_list":["post-2608","post","type-post","status-publish","format-standard","has-post-thumbnail","hentry","category-inicio"],"_links":{"self":[{"href":"https:\/\/www.lodelmomentoloja.com\/index.php?rest_route=\/wp\/v2\/posts\/2608"}],"collection":[{"href":"https:\/\/www.lodelmomentoloja.com\/index.php?rest_route=\/wp\/v2\/posts"}],"about":[{"href":"https:\/\/www.lodelmomentoloja.com\/index.php?rest_route=\/wp\/v2\/types\/post"}],"author":[{"embeddable":true,"href":"https:\/\/www.lodelmomentoloja.com\/index.php?rest_route=\/wp\/v2\/users\/1"}],"replies":[{"embeddable":true,"href":"https:\/\/www.lodelmomentoloja.com\/index.php?rest_route=%2Fwp%2Fv2%2Fcomments&post=2608"}],"version-history":[{"count":1,"href":"https:\/\/www.lodelmomentoloja.com\/index.php?rest_route=\/wp\/v2\/posts\/2608\/revisions"}],"predecessor-version":[{"id":2611,"href":"https:\/\/www.lodelmomentoloja.com\/index.php?rest_route=\/wp\/v2\/posts\/2608\/revisions\/2611"}],"wp:featuredmedia":[{"embeddable":true,"href":"https:\/\/www.lodelmomentoloja.com\/index.php?rest_route=\/wp\/v2\/media\/2609"}],"wp:attachment":[{"href":"https:\/\/www.lodelmomentoloja.com\/index.php?rest_route=%2Fwp%2Fv2%2Fmedia&parent=2608"}],"wp:term":[{"taxonomy":"category","embeddable":true,"href":"https:\/\/www.lodelmomentoloja.com\/index.php?rest_route=%2Fwp%2Fv2%2Fcategories&post=2608"},{"taxonomy":"post_tag","embeddable":true,"href":"https:\/\/www.lodelmomentoloja.com\/index.php?rest_route=%2Fwp%2Fv2%2Ftags&post=2608"}],"curies":[{"name":"wp","href":"https:\/\/api.w.org\/{rel}","templated":true}]}}