{"id":26071,"date":"2025-05-15T13:56:35","date_gmt":"2025-05-15T13:56:35","guid":{"rendered":"https:\/\/www.lodelmomentoloja.com\/?p=26071"},"modified":"2025-05-15T18:59:00","modified_gmt":"2025-05-15T18:59:00","slug":"asamblea-constituyente-se-queda-en-espera","status":"publish","type":"post","link":"https:\/\/www.lodelmomentoloja.com\/?p=26071","title":{"rendered":"ASAMBLEA CONSTITUYENTE SE QUEDA EN ESPERA"},"content":{"rendered":"<p>Luego de que la bancada oficialista lograra el control mayoritario dentro de la Asamblea Nacional la propuesta de ir a una Constituyente se desvanece. La ma\u00f1ana de este jueves 15 de mayo de 2025, en una entrevista con el medio Teleamazonas, el ministro de Gobierno, Jos\u00e9 De la Gasca anunci\u00f3 que dicha propuesta queda en \u2018comp\u00e1s de espera\u2019.<\/p>\n<p>El presidente Daniel Noboa hab\u00eda planteado la conformaci\u00f3n de una Asamblea Constituyente para reformar la Constituci\u00f3n en temas relacionados con la seguridad, el Consejo de Participaci\u00f3n Ciudadana, entre otros, sin embargo, con los puestos abarcados por ADN en el Legislativo, la propuesta se desvanece.<\/p>\n<p>\u00bfC\u00f3mo qued\u00f3 conformada la nueva Asamblea para el periodo 2025 \u2013 2029? En la sesi\u00f3n inaugural del Pleno de la Asamblea Nacional, el oficialismo y sus aliados captaron los puestos m\u00e1s importantes:<br \/>\n&#8211; Niels Olsen (ADN), exministro de Turismo en los Gobiernos de Guillermo Lasso y Daniel Noboa, Presidente del Parlamento.<br \/>\n&#8211; Mishel Macheno (ADN), exsecretaria Jur\u00eddica de Noboa fue designada como Primera vicepresidenta.<br \/>\n&#8211; Y, Carmen Tiupul, asamble\u00edsta de Pachakutik ser\u00e1 la segunda vicepresidenta.<\/p>\n<p>Mientras que, el Consejo de Administraci\u00f3n Legislativa (CAL) queda integrada de la siguiente manera:<\/p>\n<p>&#8211; Sade Fristchi (ADN) ocupar\u00e1 la primera vocal\u00eda de este organismo, clave para la calificaci\u00f3n de proyectos de ley, juicios pol\u00edticos y el control disciplinario a los parlamentarios.<br \/>\n&#8211; Samuel Celleri, asamble\u00edsta del Partido Social Cristiano (PSC), segundo vocal<br \/>\n&#8211; M\u00f3nica Salazar, asamble\u00edsta electa por la alianza Revoluci\u00f3n Ciudadana-Reto, tercera vocal del CAL.<br \/>\n&#8211; Steven Ord\u00f3\u00f1ez (independiente), cuarto vocal del CAL.<\/p>\n<p>Una alineaci\u00f3n que ha dejado sin vacantes a la Revoluci\u00f3n Ciudadana, las autoridades del Parlamento ser\u00e1n renovadas en 2027, a mediados de su mandato de cuatro a\u00f1os.<\/p>\n<p>\ud83c\udf10\u2705 S\u00edguenos en nuestra p\u00e1gina verificada: https:\/\/www.facebook.com\/lodelmomentolojaEC<\/p>\n<p>www.lodelmomentoloja.com<br \/>\n#LDMnoticias #lodelmomentolojaLDM<\/p>\n","protected":false},"excerpt":{"rendered":"<p>Luego de que la bancada oficialista lograra el control mayoritario dentro de la Asamblea Nacional&#8230;<\/p>\n","protected":false},"author":1,"featured_media":26072,"comment_status":"open","ping_status":"open","sticky":false,"template":"","format":"standard","meta":{"footnotes":""},"categories":[7,1,5],"tags":[],"class_list":["post-26071","post","type-post","status-publish","format-standard","has-post-thumbnail","hentry","category-ecuador","category-inicio","category-loja"],"_links":{"self":[{"href":"https:\/\/www.lodelmomentoloja.com\/index.php?rest_route=\/wp\/v2\/posts\/26071"}],"collection":[{"href":"https:\/\/www.lodelmomentoloja.com\/index.php?rest_route=\/wp\/v2\/posts"}],"about":[{"href":"https:\/\/www.lodelmomentoloja.com\/index.php?rest_route=\/wp\/v2\/types\/post"}],"author":[{"embeddable":true,"href":"https:\/\/www.lodelmomentoloja.com\/index.php?rest_route=\/wp\/v2\/users\/1"}],"replies":[{"embeddable":true,"href":"https:\/\/www.lodelmomentoloja.com\/index.php?rest_route=%2Fwp%2Fv2%2Fcomments&post=26071"}],"version-history":[{"count":1,"href":"https:\/\/www.lodelmomentoloja.com\/index.php?rest_route=\/wp\/v2\/posts\/26071\/revisions"}],"predecessor-version":[{"id":26073,"href":"https:\/\/www.lodelmomentoloja.com\/index.php?rest_route=\/wp\/v2\/posts\/26071\/revisions\/26073"}],"wp:featuredmedia":[{"embeddable":true,"href":"https:\/\/www.lodelmomentoloja.com\/index.php?rest_route=\/wp\/v2\/media\/26072"}],"wp:attachment":[{"href":"https:\/\/www.lodelmomentoloja.com\/index.php?rest_route=%2Fwp%2Fv2%2Fmedia&parent=26071"}],"wp:term":[{"taxonomy":"category","embeddable":true,"href":"https:\/\/www.lodelmomentoloja.com\/index.php?rest_route=%2Fwp%2Fv2%2Fcategories&post=26071"},{"taxonomy":"post_tag","embeddable":true,"href":"https:\/\/www.lodelmomentoloja.com\/index.php?rest_route=%2Fwp%2Fv2%2Ftags&post=26071"}],"curies":[{"name":"wp","href":"https:\/\/api.w.org\/{rel}","templated":true}]}}