{"id":26054,"date":"2025-05-15T08:45:34","date_gmt":"2025-05-15T08:45:34","guid":{"rendered":"https:\/\/www.lodelmomentoloja.com\/?p=26054"},"modified":"2025-05-15T13:46:52","modified_gmt":"2025-05-15T13:46:52","slug":"ciudadanos-buscan-habilitar-las-vias-ante-la-ausencia-de-autoridades","status":"publish","type":"post","link":"https:\/\/www.lodelmomentoloja.com\/?p=26054","title":{"rendered":"CIUDADANOS BUSCAN HABILITAR LAS V\u00cdAS, ANTE LA AUSENCIA DE AUTORIDADES"},"content":{"rendered":"<p>\u26f0\ufe0f\u2692\ufe0f\ud83e\uddba\u00a1Por iniciativa propia! Habitantes del barrio El Guato, as\u00ed como sectores de la parroquia Buenavista, se han visto en la necesidad de habilitar las v\u00edas por su propia iniciativa, con pico, pala y carretillas, los moradores buscan una soluci\u00f3n ante la afectaci\u00f3n por la fuerte temporada invernal. Dicha decisi\u00f3n se debe a que las autoridades competentes, hacen caso omiso al pedido ciudadano.<\/p>\n<p>Seg\u00fan varios ciudadanos, ten\u00edan la esperanza que el Ministerio de Transporte y Obras P\u00fablicas (MTOP) env\u00ede maquinaria para despejar el deslizamiento de gran magnitud, pero debido a las condiciones no lo hicieron.<\/p>\n<p>V\u00eda: Diario Cr\u00f3nica.<br \/>\n\ud83c\udf10\u2705 S\u00edguenos en nuestra p\u00e1gina verificada: facebook.com\/lodelmomentolojaEC<\/p>\n<p>lodelmomentoloja.com<br \/>\n<a class=\"x1i10hfl xjbqb8w x1ejq31n xd10rxx x1sy0etr x17r0tee x972fbf xcfux6l x1qhh985 xm0m39n x9f619 x1ypdohk xt0psk2 xe8uvvx xdj266r x11i5rnm xat24cr x1mh8g0r xexx8yu x4uap5 x18d9i69 xkhd6sd x16tdsg8 x1hl2dhg xggy1nq x1a2a7pz  _aa9_ _a6hd\" tabindex=\"0\" role=\"link\" href=\"https:\/\/www.instagram.com\/explore\/tags\/ldmnoticias\/\">#LDMnoticias<\/a>\u00a0<a class=\"x1i10hfl xjbqb8w x1ejq31n xd10rxx x1sy0etr x17r0tee x972fbf xcfux6l x1qhh985 xm0m39n x9f619 x1ypdohk xt0psk2 xe8uvvx xdj266r x11i5rnm xat24cr x1mh8g0r xexx8yu x4uap5 x18d9i69 xkhd6sd x16tdsg8 x1hl2dhg xggy1nq x1a2a7pz  _aa9_ _a6hd\" tabindex=\"0\" role=\"link\" href=\"https:\/\/www.instagram.com\/explore\/tags\/lodelmomentolojaldm\/\">#lodelmomentolojaLDM<\/a><\/p>\n","protected":false},"excerpt":{"rendered":"<p>\u26f0\ufe0f\u2692\ufe0f\ud83e\uddba\u00a1Por iniciativa propia! Habitantes del barrio El Guato, as\u00ed como sectores de la parroquia Buenavista,&#8230;<\/p>\n","protected":false},"author":1,"featured_media":26055,"comment_status":"open","ping_status":"open","sticky":false,"template":"","format":"standard","meta":{"footnotes":""},"categories":[7,1,5],"tags":[],"class_list":["post-26054","post","type-post","status-publish","format-standard","has-post-thumbnail","hentry","category-ecuador","category-inicio","category-loja"],"_links":{"self":[{"href":"https:\/\/www.lodelmomentoloja.com\/index.php?rest_route=\/wp\/v2\/posts\/26054"}],"collection":[{"href":"https:\/\/www.lodelmomentoloja.com\/index.php?rest_route=\/wp\/v2\/posts"}],"about":[{"href":"https:\/\/www.lodelmomentoloja.com\/index.php?rest_route=\/wp\/v2\/types\/post"}],"author":[{"embeddable":true,"href":"https:\/\/www.lodelmomentoloja.com\/index.php?rest_route=\/wp\/v2\/users\/1"}],"replies":[{"embeddable":true,"href":"https:\/\/www.lodelmomentoloja.com\/index.php?rest_route=%2Fwp%2Fv2%2Fcomments&post=26054"}],"version-history":[{"count":1,"href":"https:\/\/www.lodelmomentoloja.com\/index.php?rest_route=\/wp\/v2\/posts\/26054\/revisions"}],"predecessor-version":[{"id":26056,"href":"https:\/\/www.lodelmomentoloja.com\/index.php?rest_route=\/wp\/v2\/posts\/26054\/revisions\/26056"}],"wp:featuredmedia":[{"embeddable":true,"href":"https:\/\/www.lodelmomentoloja.com\/index.php?rest_route=\/wp\/v2\/media\/26055"}],"wp:attachment":[{"href":"https:\/\/www.lodelmomentoloja.com\/index.php?rest_route=%2Fwp%2Fv2%2Fmedia&parent=26054"}],"wp:term":[{"taxonomy":"category","embeddable":true,"href":"https:\/\/www.lodelmomentoloja.com\/index.php?rest_route=%2Fwp%2Fv2%2Fcategories&post=26054"},{"taxonomy":"post_tag","embeddable":true,"href":"https:\/\/www.lodelmomentoloja.com\/index.php?rest_route=%2Fwp%2Fv2%2Ftags&post=26054"}],"curies":[{"name":"wp","href":"https:\/\/api.w.org\/{rel}","templated":true}]}}