{"id":26043,"date":"2025-05-14T13:56:00","date_gmt":"2025-05-14T13:56:00","guid":{"rendered":"https:\/\/www.lodelmomentoloja.com\/?p=26043"},"modified":"2025-05-14T18:57:26","modified_gmt":"2025-05-14T18:57:26","slug":"exlegisladores-de-rc-reto-conformaran-la-bancada-de-la-gente","status":"publish","type":"post","link":"https:\/\/www.lodelmomentoloja.com\/?p=26043","title":{"rendered":"EXLEGISLADORES DE RC-RETO CONFORMAR\u00c1N LA &#8216;BANCADA DE LA GENTE&#8217;"},"content":{"rendered":"<p class=\"selectable-text copyable-text x15bjb6t x1n2onr6\" dir=\"ltr\"><span class=\"x19la9d6 x1fc57z9 x6ikm8r x10wlt62 x19co3pv x1g5zs5t xfibh0p xiy17q3 x1xsqp64 x1lkfr7t xexx8yu x4uap5 x18d9i69 xkhd6sd\"><span class=\"xrtxmta x1bhl96m\">\ud83d\ude31<\/span><\/span><span class=\"x19la9d6 x1fc57z9 x6ikm8r x10wlt62 x19co3pv x1g5zs5t xfibh0p xiy17q3 x1xsqp64 x1lkfr7t xexx8yu x4uap5 x18d9i69 xkhd6sd\"><span class=\"xrtxmta x1bhl96m\">\ud83d\udd35<\/span><\/span><span class=\"x19la9d6 x1fc57z9 x6ikm8r x10wlt62 x19co3pv x1g5zs5t xfibh0p xiy17q3 x1xsqp64 x1lkfr7t xexx8yu x4uap5 x18d9i69 xkhd6sd\"><span class=\"xrtxmta x1bhl96m\">\ud83d\ude2c<\/span><\/span><span class=\"selectable-text copyable-text false\"> \u00a1Rompen filas! 151 legisladores conformar\u00e1n el Pleno de la Asamblea Nacional para el periodo 2025 \u2013 2029 y, en la primera sesi\u00f3n para definir al presidente, vicepresidentes y cuatro vocales del Consejo de Administraci\u00f3n Legislativa (CAL) desarrollada este mi\u00e9rcoles 14 de mayo de 2025, las posturas pol\u00edticas de los legisladores toman m\u00e1s fuerza.<\/span><\/p>\n<p class=\"selectable-text copyable-text x15bjb6t x1n2onr6\" dir=\"ltr\"><span class=\"selectable-text copyable-text false\">La bancada del oficialismo ADN, llega al Pleno con rumores de una posible rebeli\u00f3n interna, mientras que, la Revoluci\u00f3n Ciudadana arranca con una aparente desventaja num\u00e9rica, por lo que su principal carta son los acuerdos que pudiera realizar para obtener la mayor\u00eda, aunque las fracciones a la interna del movimiento pol\u00edtico son cada vez m\u00e1s visibles. <\/span><\/p>\n<p class=\"selectable-text copyable-text x15bjb6t x1n2onr6\" dir=\"ltr\"><span class=\"selectable-text copyable-text false\">A puertas de que se instale la nueva Asamblea, los legisladores Ra\u00fal Ch\u00e1vez y Jaime Estrada electos por la alianza RC \u2013 Reto tambi\u00e9n rompieron filas de la tienda pol\u00edtica para conformar su propia bancada denominada \u2018Bancada de la Gente\u2019 que, de momento, se posesiona como la tercera fuera legislativa en el Parlamento. Su desafiliaci\u00f3n a la tienda pol\u00edtica se suma a la salida de la asamble\u00edsta M\u00f3nica Salazar el pasado 15 de abril debido a discrepancias que habr\u00eda mantenido con algunos de los militantes.<\/span><\/p>\n<p class=\"selectable-text copyable-text x15bjb6t x1n2onr6\" dir=\"ltr\"><span class=\"selectable-text copyable-text false\">Con la salida de Ch\u00e1vez y Estrada, la Revoluci\u00f3n Ciudadana acaba de perder dos curules m\u00e1s para este periodo quedando tan solo con 65 curules \u00bfSer\u00e1 que la RC lograr\u00e1 nuevas alianzas para contrarrestar la situaci\u00f3n o perder\u00e1 m\u00e1s legisladores en el camino? <\/span><\/p>\n<p class=\"selectable-text copyable-text x15bjb6t x1n2onr6\" dir=\"ltr\"><span class=\"x19la9d6 x1fc57z9 x6ikm8r x10wlt62 x19co3pv x1g5zs5t xfibh0p xiy17q3 x1xsqp64 x1lkfr7t xexx8yu x4uap5 x18d9i69 xkhd6sd\"><span class=\"xrtxmta x1bhl96m\">\ud83c\udf10<\/span><\/span><span class=\"x19la9d6 x1fc57z9 x6ikm8r x10wlt62 x19co3pv x1g5zs5t xfibh0p xiy17q3 x1xsqp64 x1lkfr7t xexx8yu x4uap5 x18d9i69 xkhd6sd\"><span class=\"xrtxmta x1bhl96m\">\u2705<\/span><\/span><span class=\"selectable-text copyable-text false\"> S\u00edguenos en nuestra p\u00e1gina verificada: <\/span><span class=\"selectable-text copyable-text false\">https:\/\/www.facebook.com\/lodelmomentolojaEC<\/span><\/p>\n<p class=\"selectable-text copyable-text x15bjb6t x1n2onr6\" dir=\"ltr\"><span class=\"selectable-text copyable-text false\">www.lodelmomentoloja.com<\/span><\/p>\n<p class=\"selectable-text copyable-text x15bjb6t x1n2onr6\" dir=\"ltr\"><span class=\"selectable-text copyable-text false\">#LDMnoticias #lodelmomentolojaLDM<\/span><\/p>\n","protected":false},"excerpt":{"rendered":"<p>\ud83d\ude31\ud83d\udd35\ud83d\ude2c \u00a1Rompen filas! 151 legisladores conformar\u00e1n el Pleno de la Asamblea Nacional para el periodo&#8230;<\/p>\n","protected":false},"author":1,"featured_media":26044,"comment_status":"open","ping_status":"open","sticky":false,"template":"","format":"standard","meta":{"footnotes":""},"categories":[7,1],"tags":[],"class_list":["post-26043","post","type-post","status-publish","format-standard","has-post-thumbnail","hentry","category-ecuador","category-inicio"],"_links":{"self":[{"href":"https:\/\/www.lodelmomentoloja.com\/index.php?rest_route=\/wp\/v2\/posts\/26043"}],"collection":[{"href":"https:\/\/www.lodelmomentoloja.com\/index.php?rest_route=\/wp\/v2\/posts"}],"about":[{"href":"https:\/\/www.lodelmomentoloja.com\/index.php?rest_route=\/wp\/v2\/types\/post"}],"author":[{"embeddable":true,"href":"https:\/\/www.lodelmomentoloja.com\/index.php?rest_route=\/wp\/v2\/users\/1"}],"replies":[{"embeddable":true,"href":"https:\/\/www.lodelmomentoloja.com\/index.php?rest_route=%2Fwp%2Fv2%2Fcomments&post=26043"}],"version-history":[{"count":1,"href":"https:\/\/www.lodelmomentoloja.com\/index.php?rest_route=\/wp\/v2\/posts\/26043\/revisions"}],"predecessor-version":[{"id":26045,"href":"https:\/\/www.lodelmomentoloja.com\/index.php?rest_route=\/wp\/v2\/posts\/26043\/revisions\/26045"}],"wp:featuredmedia":[{"embeddable":true,"href":"https:\/\/www.lodelmomentoloja.com\/index.php?rest_route=\/wp\/v2\/media\/26044"}],"wp:attachment":[{"href":"https:\/\/www.lodelmomentoloja.com\/index.php?rest_route=%2Fwp%2Fv2%2Fmedia&parent=26043"}],"wp:term":[{"taxonomy":"category","embeddable":true,"href":"https:\/\/www.lodelmomentoloja.com\/index.php?rest_route=%2Fwp%2Fv2%2Fcategories&post=26043"},{"taxonomy":"post_tag","embeddable":true,"href":"https:\/\/www.lodelmomentoloja.com\/index.php?rest_route=%2Fwp%2Fv2%2Ftags&post=26043"}],"curies":[{"name":"wp","href":"https:\/\/api.w.org\/{rel}","templated":true}]}}