{"id":26026,"date":"2025-05-14T09:52:41","date_gmt":"2025-05-14T09:52:41","guid":{"rendered":"https:\/\/www.lodelmomentoloja.com\/?p=26026"},"modified":"2025-05-14T14:55:46","modified_gmt":"2025-05-14T14:55:46","slug":"paltas-festejara-sus-201-anos-de-cantonizacion","status":"publish","type":"post","link":"https:\/\/www.lodelmomentoloja.com\/?p=26026","title":{"rendered":"PALTAS FESTEJAR\u00c1 SUS 201 A\u00d1OS DE CANTONIZACI\u00d3N"},"content":{"rendered":"<p>\ud83d\udde3\ufe0f\ud83c\udf89\ud83d\udc68\ud83c\udffb\u200d\ud83c\udfa4\u00a1No con el GAD! Hace algunas semanas el Alcalde de Paltas, Darwin D\u00edaz, mediante declaraciones expuso que no har\u00e1n las festividades del cant\u00f3n debido a la emergencia invernal por la que pasan varias zonas de Paltas, sin embargo, en los \u00faltimos d\u00edas esa postura del burgomaestre cambio, manifestando que s\u00ed se realizan actividades en los 201 a\u00f1os de cantonizaci\u00f3n que iniciar\u00e1n el 13 de junio con la coronaci\u00f3n de la Reina, incluso, D\u00edaz manifest\u00f3 ha recibido dos propuestas de empresas pero a\u00fan no est\u00e1 definido, invitando a m\u00e1s gestores culturales.<\/p>\n<p>Est\u00e1s declaraciones han hecho que existan cr\u00edticas a la administraci\u00f3n, puesto que hace algunos d\u00edas se conoc\u00eda desde las mismas cuentas oficiales del artista internacional Indio Har\u00edn, que estar\u00eda en las fiestas de Junio, pero al verificar sobre este tema, se conoce que lo traen desde la parte privada y no constar\u00e1 en la lista de eventos que realizar\u00e1 la municipalidad donde cuenta con una disponibilidad de USD 80.514,00 para todo el a\u00f1o 2025, incluida las fiestas de cantonizaci\u00f3n.<\/p>\n<p>\ud83c\udf10\u2705 S\u00edguenos en nuestra p\u00e1gina verificada: https:\/\/www.facebook.com\/lodelmomentolojaEC<\/p>\n<p>www.lodelmomentoloja.com<br \/>\n#LDMnoticias #lodelmomentolojaLDM<\/p>\n","protected":false},"excerpt":{"rendered":"<p>\ud83d\udde3\ufe0f\ud83c\udf89\ud83d\udc68\ud83c\udffb\u200d\ud83c\udfa4\u00a1No con el GAD! Hace algunas semanas el Alcalde de Paltas, Darwin D\u00edaz, mediante declaraciones&#8230;<\/p>\n","protected":false},"author":1,"featured_media":26027,"comment_status":"open","ping_status":"open","sticky":false,"template":"","format":"standard","meta":{"footnotes":""},"categories":[7,1,5],"tags":[],"class_list":["post-26026","post","type-post","status-publish","format-standard","has-post-thumbnail","hentry","category-ecuador","category-inicio","category-loja"],"_links":{"self":[{"href":"https:\/\/www.lodelmomentoloja.com\/index.php?rest_route=\/wp\/v2\/posts\/26026"}],"collection":[{"href":"https:\/\/www.lodelmomentoloja.com\/index.php?rest_route=\/wp\/v2\/posts"}],"about":[{"href":"https:\/\/www.lodelmomentoloja.com\/index.php?rest_route=\/wp\/v2\/types\/post"}],"author":[{"embeddable":true,"href":"https:\/\/www.lodelmomentoloja.com\/index.php?rest_route=\/wp\/v2\/users\/1"}],"replies":[{"embeddable":true,"href":"https:\/\/www.lodelmomentoloja.com\/index.php?rest_route=%2Fwp%2Fv2%2Fcomments&post=26026"}],"version-history":[{"count":1,"href":"https:\/\/www.lodelmomentoloja.com\/index.php?rest_route=\/wp\/v2\/posts\/26026\/revisions"}],"predecessor-version":[{"id":26028,"href":"https:\/\/www.lodelmomentoloja.com\/index.php?rest_route=\/wp\/v2\/posts\/26026\/revisions\/26028"}],"wp:featuredmedia":[{"embeddable":true,"href":"https:\/\/www.lodelmomentoloja.com\/index.php?rest_route=\/wp\/v2\/media\/26027"}],"wp:attachment":[{"href":"https:\/\/www.lodelmomentoloja.com\/index.php?rest_route=%2Fwp%2Fv2%2Fmedia&parent=26026"}],"wp:term":[{"taxonomy":"category","embeddable":true,"href":"https:\/\/www.lodelmomentoloja.com\/index.php?rest_route=%2Fwp%2Fv2%2Fcategories&post=26026"},{"taxonomy":"post_tag","embeddable":true,"href":"https:\/\/www.lodelmomentoloja.com\/index.php?rest_route=%2Fwp%2Fv2%2Ftags&post=26026"}],"curies":[{"name":"wp","href":"https:\/\/api.w.org\/{rel}","templated":true}]}}