{"id":26023,"date":"2025-05-14T09:20:37","date_gmt":"2025-05-14T09:20:37","guid":{"rendered":"https:\/\/www.lodelmomentoloja.com\/?p=26023"},"modified":"2025-05-14T14:30:35","modified_gmt":"2025-05-14T14:30:35","slug":"ecuador-y-oiea-firman-acuerdo-para-uso-de-energia-nuclear","status":"publish","type":"post","link":"https:\/\/www.lodelmomentoloja.com\/?p=26023","title":{"rendered":"ECUADOR Y OIEA FIRMAN ACUERDO PARA USO DE ENERG\u00cdA NUCLEAR"},"content":{"rendered":"<p>\ud83c\uddea\ud83c\udde8\u2712\ufe0f\ud83c\udfed\u00a1Acuerdo estrat\u00e9gico! Ecuador, a trav\u00e9s de la ministra de Energ\u00eda y Minas, In\u00e9s Manzano, y el director general del OIEA (Organismo Internacional de Energ\u00eda At\u00f3mica), Rafael Mariano Grossi, la tarde del 13 de mayo de 2025, firmaron un acuerdo estrat\u00e9gico con el objetivo de establecer una cooperaci\u00f3n t\u00e9cnica que impulse el desarrollo de tecnolog\u00eda nuclear en el pa\u00eds.<\/p>\n<p>El memorando, firmado en el Palacio de Carondelet, permitir\u00e1 a Ecuador explorar el uso pac\u00edfico de la energ\u00eda nuclear, lo que incluye la instalaci\u00f3n de un posible reactor nuclear modular. Seg\u00fan Manzano, este paso es crucial para la descarbonizaci\u00f3n del sistema energ\u00e9tico nacional, complementando otras fuentes de energ\u00eda como la t\u00e9rmica y la geot\u00e9rmica.<\/p>\n<p>A trav\u00e9s de este acuerdo, Ecuador recibir\u00e1 asistencia t\u00e9cnica, capacitaci\u00f3n especializada y asesor\u00eda en \u00e1reas clave, incluyendo la seguridad nuclear, y la identificaci\u00f3n de emplazamientos para un futuro complejo nuclear. La cooperaci\u00f3n tambi\u00e9n abarca el desarrollo de programas de capacitaci\u00f3n para mejorar la respuesta ante emergencias relacionadas con materiales radiactivos.<\/p>\n<p>\ud83c\udf10\u2705 S\u00edguenos en nuestra p\u00e1gina verificada: facebook.com\/lodelmomentolojaEC<\/p>\n<p>lodelmomentoloja.com<br \/>\n#LDMnoticias #lodelmomentolojaLDM<\/p>\n","protected":false},"excerpt":{"rendered":"<p>\ud83c\uddea\ud83c\udde8\u2712\ufe0f\ud83c\udfed\u00a1Acuerdo estrat\u00e9gico! Ecuador, a trav\u00e9s de la ministra de Energ\u00eda y Minas, In\u00e9s Manzano, y&#8230;<\/p>\n","protected":false},"author":1,"featured_media":26024,"comment_status":"open","ping_status":"open","sticky":false,"template":"","format":"standard","meta":{"footnotes":""},"categories":[7,1,4,5],"tags":[],"class_list":["post-26023","post","type-post","status-publish","format-standard","has-post-thumbnail","hentry","category-ecuador","category-inicio","category-internacional","category-loja"],"_links":{"self":[{"href":"https:\/\/www.lodelmomentoloja.com\/index.php?rest_route=\/wp\/v2\/posts\/26023"}],"collection":[{"href":"https:\/\/www.lodelmomentoloja.com\/index.php?rest_route=\/wp\/v2\/posts"}],"about":[{"href":"https:\/\/www.lodelmomentoloja.com\/index.php?rest_route=\/wp\/v2\/types\/post"}],"author":[{"embeddable":true,"href":"https:\/\/www.lodelmomentoloja.com\/index.php?rest_route=\/wp\/v2\/users\/1"}],"replies":[{"embeddable":true,"href":"https:\/\/www.lodelmomentoloja.com\/index.php?rest_route=%2Fwp%2Fv2%2Fcomments&post=26023"}],"version-history":[{"count":1,"href":"https:\/\/www.lodelmomentoloja.com\/index.php?rest_route=\/wp\/v2\/posts\/26023\/revisions"}],"predecessor-version":[{"id":26025,"href":"https:\/\/www.lodelmomentoloja.com\/index.php?rest_route=\/wp\/v2\/posts\/26023\/revisions\/26025"}],"wp:featuredmedia":[{"embeddable":true,"href":"https:\/\/www.lodelmomentoloja.com\/index.php?rest_route=\/wp\/v2\/media\/26024"}],"wp:attachment":[{"href":"https:\/\/www.lodelmomentoloja.com\/index.php?rest_route=%2Fwp%2Fv2%2Fmedia&parent=26023"}],"wp:term":[{"taxonomy":"category","embeddable":true,"href":"https:\/\/www.lodelmomentoloja.com\/index.php?rest_route=%2Fwp%2Fv2%2Fcategories&post=26023"},{"taxonomy":"post_tag","embeddable":true,"href":"https:\/\/www.lodelmomentoloja.com\/index.php?rest_route=%2Fwp%2Fv2%2Ftags&post=26023"}],"curies":[{"name":"wp","href":"https:\/\/api.w.org\/{rel}","templated":true}]}}