{"id":25997,"date":"2025-05-13T10:58:25","date_gmt":"2025-05-13T10:58:25","guid":{"rendered":"https:\/\/www.lodelmomentoloja.com\/?p=25997"},"modified":"2025-05-13T15:59:10","modified_gmt":"2025-05-13T15:59:10","slug":"cuatro-fallecidos-por-fiebre-amarilla-en-ecuador","status":"publish","type":"post","link":"https:\/\/www.lodelmomentoloja.com\/?p=25997","title":{"rendered":"CUATRO FALLECIDOS POR FIEBRE AMARILLA EN ECUADOR"},"content":{"rendered":"<p>\ud83d\ude14\ud83e\udd9f\ud83e\ude78\u00a1Tr4g1co suceso! Ecuador ha confirmado un total de seis casos de fiebre amarilla en lo que va del 2025, en distintas zonas de la Amazon\u00eda ecuatoriana, de los cuales cuatro de estas personas diagnosticadas con dicha enfermedad, han f4ll3c1d0, seg\u00fan la informaci\u00f3n emitida por Juan Bernardo S\u00e1nchez, viceministro de Gobernanza de Salud P\u00fablica. Adem\u00e1s se ha precisado que el intervalo de edad de los contagiados, est\u00e1n entre los 24 &#8211; 55 a\u00f1os, y, se encontrar\u00edan localizadas en comunidades espec\u00edficas.<\/p>\n<p>\ud83c\udf10\u2705 S\u00edguenos en nuestra p\u00e1gina verificada: facebook.com\/lodelmomentolojaEC<\/p>\n<p>lodelmomentoloja.com<br \/>\n<a class=\"x1i10hfl xjbqb8w x1ejq31n xd10rxx x1sy0etr x17r0tee x972fbf xcfux6l x1qhh985 xm0m39n x9f619 x1ypdohk xt0psk2 xe8uvvx xdj266r x11i5rnm xat24cr x1mh8g0r xexx8yu x4uap5 x18d9i69 xkhd6sd x16tdsg8 x1hl2dhg xggy1nq x1a2a7pz  _aa9_ _a6hd\" tabindex=\"0\" role=\"link\" href=\"https:\/\/www.instagram.com\/explore\/tags\/ldmnoticias\/\">#LDMnoticias<\/a>\u00a0<a class=\"x1i10hfl xjbqb8w x1ejq31n xd10rxx x1sy0etr x17r0tee x972fbf xcfux6l x1qhh985 xm0m39n x9f619 x1ypdohk xt0psk2 xe8uvvx xdj266r x11i5rnm xat24cr x1mh8g0r xexx8yu x4uap5 x18d9i69 xkhd6sd x16tdsg8 x1hl2dhg xggy1nq x1a2a7pz  _aa9_ _a6hd\" tabindex=\"0\" role=\"link\" href=\"https:\/\/www.instagram.com\/explore\/tags\/lodelmomentolojaldm\/\">#lodelmomentolojaLDM<\/a><\/p>\n","protected":false},"excerpt":{"rendered":"<p>\ud83d\ude14\ud83e\udd9f\ud83e\ude78\u00a1Tr4g1co suceso! Ecuador ha confirmado un total de seis casos de fiebre amarilla en lo&#8230;<\/p>\n","protected":false},"author":1,"featured_media":25998,"comment_status":"open","ping_status":"open","sticky":false,"template":"","format":"standard","meta":{"footnotes":""},"categories":[7,1,6],"tags":[],"class_list":["post-25997","post","type-post","status-publish","format-standard","has-post-thumbnail","hentry","category-ecuador","category-inicio","category-zamora"],"_links":{"self":[{"href":"https:\/\/www.lodelmomentoloja.com\/index.php?rest_route=\/wp\/v2\/posts\/25997"}],"collection":[{"href":"https:\/\/www.lodelmomentoloja.com\/index.php?rest_route=\/wp\/v2\/posts"}],"about":[{"href":"https:\/\/www.lodelmomentoloja.com\/index.php?rest_route=\/wp\/v2\/types\/post"}],"author":[{"embeddable":true,"href":"https:\/\/www.lodelmomentoloja.com\/index.php?rest_route=\/wp\/v2\/users\/1"}],"replies":[{"embeddable":true,"href":"https:\/\/www.lodelmomentoloja.com\/index.php?rest_route=%2Fwp%2Fv2%2Fcomments&post=25997"}],"version-history":[{"count":1,"href":"https:\/\/www.lodelmomentoloja.com\/index.php?rest_route=\/wp\/v2\/posts\/25997\/revisions"}],"predecessor-version":[{"id":25999,"href":"https:\/\/www.lodelmomentoloja.com\/index.php?rest_route=\/wp\/v2\/posts\/25997\/revisions\/25999"}],"wp:featuredmedia":[{"embeddable":true,"href":"https:\/\/www.lodelmomentoloja.com\/index.php?rest_route=\/wp\/v2\/media\/25998"}],"wp:attachment":[{"href":"https:\/\/www.lodelmomentoloja.com\/index.php?rest_route=%2Fwp%2Fv2%2Fmedia&parent=25997"}],"wp:term":[{"taxonomy":"category","embeddable":true,"href":"https:\/\/www.lodelmomentoloja.com\/index.php?rest_route=%2Fwp%2Fv2%2Fcategories&post=25997"},{"taxonomy":"post_tag","embeddable":true,"href":"https:\/\/www.lodelmomentoloja.com\/index.php?rest_route=%2Fwp%2Fv2%2Ftags&post=25997"}],"curies":[{"name":"wp","href":"https:\/\/api.w.org\/{rel}","templated":true}]}}