{"id":25987,"date":"2025-05-13T08:12:25","date_gmt":"2025-05-13T08:12:25","guid":{"rendered":"https:\/\/www.lodelmomentoloja.com\/?p=25987"},"modified":"2025-05-13T14:32:06","modified_gmt":"2025-05-13T14:32:06","slug":"asamblea-nacional-contara-con-una-guarderia","status":"publish","type":"post","link":"https:\/\/www.lodelmomentoloja.com\/?p=25987","title":{"rendered":"ASAMBLEA NACIONAL CONTAR\u00c1 CON UNA GUARDER\u00cdA"},"content":{"rendered":"<p>\ud83d\ude31\ud83d\udc76\ud83c\udffb\ud83d\udc69\u200d\ud83d\udc66\u200d\ud83d\udc66\u00a1Por primera vez! La Asamblea Nacional contar\u00e1 con una guarder\u00eda para los hijos de legisladores y personal administrativo, dicha propuesta fue impulsada durante los \u00faltimos tres periodos legislativos, por la asamble\u00edsta Pierina Correa, de la Revoluci\u00f3n Ciudadana, quien preside la Comisi\u00f3n Permanente de Protecci\u00f3n Integral a Ni\u00f1as, Ni\u00f1os y Adolescentes, obteniendo una respuesta positiva por su coidearia Viviana Veloz.<\/p>\n<p>En un video publicado en redes sociales, Pierina celebr\u00f3 esta medida. Indic\u00f3 que la guarder\u00eda beneficiar\u00e1 a decenas de familias. Seg\u00fan dijo, Veloz, oficializ\u00f3 la creaci\u00f3n de este espacio durante la rendici\u00f3n de cuentas previo a que finalice su gesti\u00f3n.<\/p>\n<p>\ud83c\udf10\u2705 S\u00edguenos en nuestra p\u00e1gina verificada: facebook.com\/lodelmomentolojaEC<\/p>\n<p>lodelmomentoloja.com<br \/>\n<a class=\"x1i10hfl xjbqb8w x1ejq31n xd10rxx x1sy0etr x17r0tee x972fbf xcfux6l x1qhh985 xm0m39n x9f619 x1ypdohk xt0psk2 xe8uvvx xdj266r x11i5rnm xat24cr x1mh8g0r xexx8yu x4uap5 x18d9i69 xkhd6sd x16tdsg8 x1hl2dhg xggy1nq x1a2a7pz  _aa9_ _a6hd\" tabindex=\"0\" role=\"link\" href=\"https:\/\/www.instagram.com\/explore\/tags\/ldmnoticias\/\">#LDMnoticias<\/a>\u00a0<a class=\"x1i10hfl xjbqb8w x1ejq31n xd10rxx x1sy0etr x17r0tee x972fbf xcfux6l x1qhh985 xm0m39n x9f619 x1ypdohk xt0psk2 xe8uvvx xdj266r x11i5rnm xat24cr x1mh8g0r xexx8yu x4uap5 x18d9i69 xkhd6sd x16tdsg8 x1hl2dhg xggy1nq x1a2a7pz  _aa9_ _a6hd\" tabindex=\"0\" role=\"link\" href=\"https:\/\/www.instagram.com\/explore\/tags\/lodelmomentolojaldm\/\">#lodelmomentolojaLDM<\/a><\/p>\n","protected":false},"excerpt":{"rendered":"<p>\ud83d\ude31\ud83d\udc76\ud83c\udffb\ud83d\udc69\u200d\ud83d\udc66\u200d\ud83d\udc66\u00a1Por primera vez! La Asamblea Nacional contar\u00e1 con una guarder\u00eda para los hijos de legisladores&#8230;<\/p>\n","protected":false},"author":1,"featured_media":25988,"comment_status":"open","ping_status":"open","sticky":false,"template":"","format":"standard","meta":{"footnotes":""},"categories":[7,1],"tags":[],"class_list":["post-25987","post","type-post","status-publish","format-standard","has-post-thumbnail","hentry","category-ecuador","category-inicio"],"_links":{"self":[{"href":"https:\/\/www.lodelmomentoloja.com\/index.php?rest_route=\/wp\/v2\/posts\/25987"}],"collection":[{"href":"https:\/\/www.lodelmomentoloja.com\/index.php?rest_route=\/wp\/v2\/posts"}],"about":[{"href":"https:\/\/www.lodelmomentoloja.com\/index.php?rest_route=\/wp\/v2\/types\/post"}],"author":[{"embeddable":true,"href":"https:\/\/www.lodelmomentoloja.com\/index.php?rest_route=\/wp\/v2\/users\/1"}],"replies":[{"embeddable":true,"href":"https:\/\/www.lodelmomentoloja.com\/index.php?rest_route=%2Fwp%2Fv2%2Fcomments&post=25987"}],"version-history":[{"count":1,"href":"https:\/\/www.lodelmomentoloja.com\/index.php?rest_route=\/wp\/v2\/posts\/25987\/revisions"}],"predecessor-version":[{"id":25989,"href":"https:\/\/www.lodelmomentoloja.com\/index.php?rest_route=\/wp\/v2\/posts\/25987\/revisions\/25989"}],"wp:featuredmedia":[{"embeddable":true,"href":"https:\/\/www.lodelmomentoloja.com\/index.php?rest_route=\/wp\/v2\/media\/25988"}],"wp:attachment":[{"href":"https:\/\/www.lodelmomentoloja.com\/index.php?rest_route=%2Fwp%2Fv2%2Fmedia&parent=25987"}],"wp:term":[{"taxonomy":"category","embeddable":true,"href":"https:\/\/www.lodelmomentoloja.com\/index.php?rest_route=%2Fwp%2Fv2%2Fcategories&post=25987"},{"taxonomy":"post_tag","embeddable":true,"href":"https:\/\/www.lodelmomentoloja.com\/index.php?rest_route=%2Fwp%2Fv2%2Ftags&post=25987"}],"curies":[{"name":"wp","href":"https:\/\/api.w.org\/{rel}","templated":true}]}}