{"id":25965,"date":"2025-05-12T11:48:45","date_gmt":"2025-05-12T11:48:45","guid":{"rendered":"https:\/\/www.lodelmomentoloja.com\/?p=25965"},"modified":"2025-05-12T16:55:24","modified_gmt":"2025-05-12T16:55:24","slug":"surgen-nuevas-hipotesis-sobre-la-emboscada-que-sufrieron-los-11-militares","status":"publish","type":"post","link":"https:\/\/www.lodelmomentoloja.com\/?p=25965","title":{"rendered":"Surgen nuevas hip\u00f3tesis sobre la emboscada que sufrieron los 11 militares"},"content":{"rendered":"<p>\ud83d\ude2d\ud83d\udd4a\ufe0f\ud83e\ude96 \u00a1H\u00e9roes Nacionales! Los 11 militares que pertenec\u00edan a la Unidad de Reconocimiento de la Brigada de Selva N\u00ba 19 \u201cNapo\u201d, fueron 4s3s1n4d0s el pasado viernes 9 de mayo de 2025. Con el fin de esclarecer el 4t3nt4d0, las autoridades han informado que se realizar\u00e1 una investigaci\u00f3n interna donde una de las teor\u00edas apunta a que los grupos \u2018Comandos de La Frontera\u2019 y \u2018Los Lobos\u2019 que, aparentemente ser\u00edan aliados, habr\u00edan comprado informaci\u00f3n a los militares.<\/p>\n<div style=\"width: 640px;\" class=\"wp-video\"><!--[if lt IE 9]><script>document.createElement('video');<\/script><![endif]-->\n<video class=\"wp-video-shortcode\" id=\"video-25965-1\" width=\"640\" height=\"360\" preload=\"metadata\" controls=\"controls\"><source type=\"video\/mp4\" src=\"http:\/\/www.lodelmomentoloja.com\/wp-content\/uploads\/2025\/05\/11-MILITARES-4S3S1N4D0S-REDUCIDO.mp4?_=1\" \/><a href=\"http:\/\/www.lodelmomentoloja.com\/wp-content\/uploads\/2025\/05\/11-MILITARES-4S3S1N4D0S-REDUCIDO.mp4\">http:\/\/www.lodelmomentoloja.com\/wp-content\/uploads\/2025\/05\/11-MILITARES-4S3S1N4D0S-REDUCIDO.mp4<\/a><\/video><\/div>\n<p>Los 11 militares que pertenec\u00edan a la Unidad de Reconocimiento de la Brigada de Selva N\u00ba 19 \u201cNapo\u201d, fueron 4s3s1n4d0s el pasado viernes 9 de mayo de 2025, durante una emboscada ocurrida en Alto Punino, provincia de Orellana, mientras llevaban a cabo una operaci\u00f3n reservada en contra de la miner\u00eda ilegal. Seg\u00fan inform\u00f3 el Ej\u00e9rcito Ecuatoriano mediante un comunicado, el 4t4qu3 se habr\u00eda ejecutado con 3xpl0s1v0s, gr4n4d4s y fvl1s3s.<\/p>\n<p>En el enfrentamiento 4rm4d0, un integrante de Comandos de la Frontera tambi\u00e9n fue 4b4t1d0. El domingo 11 de mayo, las FF.AA., despidi\u00f3 a sus once militares quienes fueron declarados H\u00e9roes Nacionales, la ceremonia se realiz\u00f3 en la capilla ardiente levantada en la Escuela Superior Militar Eloy Alfaro de Quito, hasta donde fueron trasladados los cad\u00e1veres v\u00eda a\u00e9rea desde la Amazon\u00eda.<\/p>\n<p>Mientras que dos de los cuerpos correspondientes a los Cabo Segundo V\u00edctor Adri\u00e1n V.M., y Georvi David V.J., fueron trasladados desde Quito hasta la ciudad de Machala donde fueron recibidos con honores.<\/p>\n<p>Con el fin de esclarecer el 4t3nt4d0, las autoridades han informado que se realizar\u00e1 una investigaci\u00f3n interna cuyo objetivo sea esclarecer las operaciones de inteligencia que estaban dentro de la planificaci\u00f3n operativa integrada por cuatro equipos de combate conformados por 80 soldados y, una de las teor\u00edas apunta a que los grupos \u2018Comandos de La Frontera\u2019 y \u2018Los Lobos\u2019, aparentemente, habr\u00eda comprado informaci\u00f3n a los militares.<\/p>\n<p>Las autoridades buscan una explicar por qu\u00e9 fallaron los planes hechos con inteligencia previa, por lo que han ordenado revisar la planificaci\u00f3n y protocolos de antes, durante y despu\u00e9s de la operaci\u00f3n militar de la Cuarta Divisi\u00f3n del Ej\u00e9rcito.<\/p>\n<p>De acuerdo a los informes, estas bandas que tendr\u00eda como principal actividad el n4rc0tr4f1c0, pero tambi\u00e9n incursionar\u00edan en otras actividades como la minera 1l3g4l con fines lucrativos, por lo que se han reforzado las operaciones de control en las zonas donde existe mayor presencia de dicha actividad que, de momento, ha cobrado la vida de dos oficiales y nueve soldados de tropa.<\/p>\n<p>Noticia completa \ud83d\udcf2 https:\/\/youtu.be\/mlDgW_i8hAg<\/p>\n<p>\ud83c\udf10\u2705 S\u00edguenos en nuestra p\u00e1gina verificada: https:\/\/www.facebook.com\/lodelmomentolojaEC<\/p>\n<p>www.lodelmomentoloja.com<br \/>\n#LDMnoticias #lodelmomentolojaLDM<\/p>\n","protected":false},"excerpt":{"rendered":"<p>\ud83d\ude2d\ud83d\udd4a\ufe0f\ud83e\ude96 \u00a1H\u00e9roes Nacionales! Los 11 militares que pertenec\u00edan a la Unidad de Reconocimiento de la&#8230;<\/p>\n","protected":false},"author":1,"featured_media":25967,"comment_status":"open","ping_status":"open","sticky":false,"template":"","format":"standard","meta":{"footnotes":""},"categories":[7,1,4,5],"tags":[],"class_list":["post-25965","post","type-post","status-publish","format-standard","has-post-thumbnail","hentry","category-ecuador","category-inicio","category-internacional","category-loja"],"_links":{"self":[{"href":"https:\/\/www.lodelmomentoloja.com\/index.php?rest_route=\/wp\/v2\/posts\/25965"}],"collection":[{"href":"https:\/\/www.lodelmomentoloja.com\/index.php?rest_route=\/wp\/v2\/posts"}],"about":[{"href":"https:\/\/www.lodelmomentoloja.com\/index.php?rest_route=\/wp\/v2\/types\/post"}],"author":[{"embeddable":true,"href":"https:\/\/www.lodelmomentoloja.com\/index.php?rest_route=\/wp\/v2\/users\/1"}],"replies":[{"embeddable":true,"href":"https:\/\/www.lodelmomentoloja.com\/index.php?rest_route=%2Fwp%2Fv2%2Fcomments&post=25965"}],"version-history":[{"count":1,"href":"https:\/\/www.lodelmomentoloja.com\/index.php?rest_route=\/wp\/v2\/posts\/25965\/revisions"}],"predecessor-version":[{"id":25969,"href":"https:\/\/www.lodelmomentoloja.com\/index.php?rest_route=\/wp\/v2\/posts\/25965\/revisions\/25969"}],"wp:featuredmedia":[{"embeddable":true,"href":"https:\/\/www.lodelmomentoloja.com\/index.php?rest_route=\/wp\/v2\/media\/25967"}],"wp:attachment":[{"href":"https:\/\/www.lodelmomentoloja.com\/index.php?rest_route=%2Fwp%2Fv2%2Fmedia&parent=25965"}],"wp:term":[{"taxonomy":"category","embeddable":true,"href":"https:\/\/www.lodelmomentoloja.com\/index.php?rest_route=%2Fwp%2Fv2%2Fcategories&post=25965"},{"taxonomy":"post_tag","embeddable":true,"href":"https:\/\/www.lodelmomentoloja.com\/index.php?rest_route=%2Fwp%2Fv2%2Ftags&post=25965"}],"curies":[{"name":"wp","href":"https:\/\/api.w.org\/{rel}","templated":true}]}}