{"id":2596,"date":"2021-02-19T17:10:23","date_gmt":"2021-02-19T17:10:23","guid":{"rendered":"http:\/\/www.lodelmomentoloja.com\/?p=2596"},"modified":"2021-02-19T22:14:53","modified_gmt":"2021-02-19T22:14:53","slug":"profesionales-de-salud-exigen-vacunas","status":"publish","type":"post","link":"https:\/\/www.lodelmomentoloja.com\/?p=2596","title":{"rendered":"Profesionales de salud exigen vacunas."},"content":{"rendered":"<p dir=\"ltr\">#Uio | Profesionales del Pablo Arturo Su\u00e1rez exigen aplicaci\u00f3n de vacunas.<\/p>\n<p dir=\"ltr\">Personal de salud que trabaja en la primera l\u00ednea de atenci\u00f3n con pacientes con Covid-19, en el Hospital Pablo Arturo Su\u00e1rez, denuncia que no ha sido incluido en la fase de vacunaci\u00f3n, con el segundo lote de vacunas que arrib\u00f3 al pa\u00eds con 16.300 dosis de Pfizer.<\/p>\n<div align=\"left\">\n<p dir=\"ltr\"><b>Mientras el ministro de Salud, Juan Carlos Zevallos, invita a rectores universitarios a ser parte de los planes de vacunaci\u00f3n masiva, los doctores, enfermeras y funcionarios que trabajan en este Hospital centinela, designado en marzo de 2020, para atender a personas con coronavirus, no han sido inoculados.<\/b><\/p>\n<\/div>\n<div align=\"left\">\n<p dir=\"ltr\">Los profesionales del hospital ubicado al norte de Quito realizaron una manifestaci\u00f3n pac\u00edfica, la ma\u00f1ana de este viernes 19 de febrero de 2021, en los exteriores del inmueble.<\/p>\n<\/div>\n<div align=\"left\">\n<p dir=\"ltr\">Los profesionales denunciaron, adem\u00e1s, que han agotado todas las v\u00edas de di\u00e1logo con las autoridades del Pablo Arturo Su\u00e1rez, as\u00ed como del Ministerio de Salud, para que su requerimiento sea escuchado.<\/p>\n<\/div>\n<div align=\"left\">\n<p dir=\"ltr\">Aclararon que, pese a la falta de vacunas, sus servicios de atenci\u00f3n no se han paralizado y seguir\u00e1n tratando a los pacientes como lo han venido haciendo.<\/p>\n<p dir=\"ltr\">Fuente: Pichincha Comunica<\/p>\n<p dir=\"ltr\">www.lodelmomentoloja.com<br \/>\n#LDMnoticias#lodelmomentolojaLDM<\/p>\n<\/div>\n","protected":false},"excerpt":{"rendered":"<p>#Uio | Profesionales del Pablo Arturo Su\u00e1rez exigen aplicaci\u00f3n de vacunas. Personal de salud que&#8230;<\/p>\n","protected":false},"author":1,"featured_media":2597,"comment_status":"open","ping_status":"open","sticky":false,"template":"","format":"standard","meta":{"footnotes":""},"categories":[1],"tags":[],"class_list":["post-2596","post","type-post","status-publish","format-standard","has-post-thumbnail","hentry","category-inicio"],"_links":{"self":[{"href":"https:\/\/www.lodelmomentoloja.com\/index.php?rest_route=\/wp\/v2\/posts\/2596"}],"collection":[{"href":"https:\/\/www.lodelmomentoloja.com\/index.php?rest_route=\/wp\/v2\/posts"}],"about":[{"href":"https:\/\/www.lodelmomentoloja.com\/index.php?rest_route=\/wp\/v2\/types\/post"}],"author":[{"embeddable":true,"href":"https:\/\/www.lodelmomentoloja.com\/index.php?rest_route=\/wp\/v2\/users\/1"}],"replies":[{"embeddable":true,"href":"https:\/\/www.lodelmomentoloja.com\/index.php?rest_route=%2Fwp%2Fv2%2Fcomments&post=2596"}],"version-history":[{"count":1,"href":"https:\/\/www.lodelmomentoloja.com\/index.php?rest_route=\/wp\/v2\/posts\/2596\/revisions"}],"predecessor-version":[{"id":2598,"href":"https:\/\/www.lodelmomentoloja.com\/index.php?rest_route=\/wp\/v2\/posts\/2596\/revisions\/2598"}],"wp:featuredmedia":[{"embeddable":true,"href":"https:\/\/www.lodelmomentoloja.com\/index.php?rest_route=\/wp\/v2\/media\/2597"}],"wp:attachment":[{"href":"https:\/\/www.lodelmomentoloja.com\/index.php?rest_route=%2Fwp%2Fv2%2Fmedia&parent=2596"}],"wp:term":[{"taxonomy":"category","embeddable":true,"href":"https:\/\/www.lodelmomentoloja.com\/index.php?rest_route=%2Fwp%2Fv2%2Fcategories&post=2596"},{"taxonomy":"post_tag","embeddable":true,"href":"https:\/\/www.lodelmomentoloja.com\/index.php?rest_route=%2Fwp%2Fv2%2Ftags&post=2596"}],"curies":[{"name":"wp","href":"https:\/\/api.w.org\/{rel}","templated":true}]}}