{"id":25938,"date":"2025-05-09T08:40:51","date_gmt":"2025-05-09T08:40:51","guid":{"rendered":"https:\/\/www.lodelmomentoloja.com\/?p=25938"},"modified":"2025-05-09T13:51:06","modified_gmt":"2025-05-09T13:51:06","slug":"leon-xiv-celebro-su-priemr-misa-ante-cardenales","status":"publish","type":"post","link":"https:\/\/www.lodelmomentoloja.com\/?p=25938","title":{"rendered":"LE\u00d3N XIV CELEBR\u00d3 SU PRIEMR MISA ANTE CARDENALES"},"content":{"rendered":"<p>\u26ea\ud83d\ude4f\ud83c\udffb\u271d\ufe0f\u00a1Primera misa! Le\u00f3n XIV celebr\u00f3 la primera misa de su papado en la Capilla Sixtina este viernes por la ma\u00f1ana, sin embargo el servicio no estuvo abierto al p\u00fablico, ya que la misma se celebr\u00f3 para los 132 cardenales que le eligieron papa un d\u00eda antes. Adem\u00e1s dicha eucarist\u00eda fue celebrada en los idiomas italiano, lat\u00edn, espa\u00f1ol e ingl\u00e9s.<\/p>\n<p>Cabe destacar que Le\u00f3n XIV ser\u00e1 instalado formalmente como papa el 18 de mayo, cuando celebrar\u00e1 su misa p\u00fablica inaugural en la Plaza de San Pedro, dijo el Vaticano, y proporcion\u00f3 el calendario del nuevo papa para el resto del mes.<\/p>\n<p>\ud83c\udf10\u2705 S\u00edguenos en nuestra p\u00e1gina verificada: https:\/\/www.facebook.com\/lodelmomentolojaEC<\/p>\n<p>www.lodelmomentoloja.com<br \/>\n#LDMnoticias #lodelmomentolojaLDM<\/p>\n","protected":false},"excerpt":{"rendered":"<p>\u26ea\ud83d\ude4f\ud83c\udffb\u271d\ufe0f\u00a1Primera misa! Le\u00f3n XIV celebr\u00f3 la primera misa de su papado en la Capilla Sixtina&#8230;<\/p>\n","protected":false},"author":1,"featured_media":25939,"comment_status":"open","ping_status":"open","sticky":false,"template":"","format":"standard","meta":{"footnotes":""},"categories":[7,1,4],"tags":[],"class_list":["post-25938","post","type-post","status-publish","format-standard","has-post-thumbnail","hentry","category-ecuador","category-inicio","category-internacional"],"_links":{"self":[{"href":"https:\/\/www.lodelmomentoloja.com\/index.php?rest_route=\/wp\/v2\/posts\/25938"}],"collection":[{"href":"https:\/\/www.lodelmomentoloja.com\/index.php?rest_route=\/wp\/v2\/posts"}],"about":[{"href":"https:\/\/www.lodelmomentoloja.com\/index.php?rest_route=\/wp\/v2\/types\/post"}],"author":[{"embeddable":true,"href":"https:\/\/www.lodelmomentoloja.com\/index.php?rest_route=\/wp\/v2\/users\/1"}],"replies":[{"embeddable":true,"href":"https:\/\/www.lodelmomentoloja.com\/index.php?rest_route=%2Fwp%2Fv2%2Fcomments&post=25938"}],"version-history":[{"count":1,"href":"https:\/\/www.lodelmomentoloja.com\/index.php?rest_route=\/wp\/v2\/posts\/25938\/revisions"}],"predecessor-version":[{"id":25940,"href":"https:\/\/www.lodelmomentoloja.com\/index.php?rest_route=\/wp\/v2\/posts\/25938\/revisions\/25940"}],"wp:featuredmedia":[{"embeddable":true,"href":"https:\/\/www.lodelmomentoloja.com\/index.php?rest_route=\/wp\/v2\/media\/25939"}],"wp:attachment":[{"href":"https:\/\/www.lodelmomentoloja.com\/index.php?rest_route=%2Fwp%2Fv2%2Fmedia&parent=25938"}],"wp:term":[{"taxonomy":"category","embeddable":true,"href":"https:\/\/www.lodelmomentoloja.com\/index.php?rest_route=%2Fwp%2Fv2%2Fcategories&post=25938"},{"taxonomy":"post_tag","embeddable":true,"href":"https:\/\/www.lodelmomentoloja.com\/index.php?rest_route=%2Fwp%2Fv2%2Ftags&post=25938"}],"curies":[{"name":"wp","href":"https:\/\/api.w.org\/{rel}","templated":true}]}}