{"id":25897,"date":"2025-05-07T13:53:34","date_gmt":"2025-05-07T13:53:34","guid":{"rendered":"https:\/\/www.lodelmomentoloja.com\/?p=25897"},"modified":"2025-05-07T18:56:12","modified_gmt":"2025-05-07T18:56:12","slug":"nueve-legisladores-de-pk-habrian-llegado-a-un-posible-acuerdo-con-el-gobierno-de-noboa","status":"publish","type":"post","link":"https:\/\/www.lodelmomentoloja.com\/?p=25897","title":{"rendered":"NUEVE LEGISLADORES DE PK HABR\u00cdAN LLEGADO A UN POSIBLE ACUERDO CON EL GOBIERNO DE NOBOA"},"content":{"rendered":"<p>A pocos d\u00edas de llevarse a cabo la primera sesi\u00f3n de la nueva Asamblea Nacional, el ministro de Gobierno, Jos\u00e9 de la Gasca inform\u00f3 el martes 06 de mayo de 2025 que, los nueve legisladores de Pachakutik habr\u00edan llegado a un acuerdo con el Gobierno de Daniel Noboa para el periodo legislativo 2025 \u2013 2029.<\/p>\n<p>El anuncio lo hizo a trav\u00e9s de una publicaci\u00f3n en su cuenta de Instagram, acompa\u00f1ada de una fotograf\u00eda junto a siete de los nueve asamble\u00edstas de PK. &#8220;Las alianzas que construyen pa\u00eds. El camino hacia el Nuevo Ecuador se fortalece con la unidad de voluntades y el compromiso por el bien com\u00fan&#8221;, agreg\u00f3 de la Gasca en su post.<\/p>\n<p>En caso de concretarse dicha alianza, el movimiento oficialista obtendr\u00eda cerca de 78 votos en el Pleno Legislativo superando, incluyendo a tres asamble\u00edstas independientes anunciados en el mes de abril que tambi\u00e9n se sumar\u00edan a los 66 asamble\u00edstas electos por ADN. Sin embargo, desde la Coordinaci\u00f3n Cantonal de Pachakutik \u2013 Guayaquil, mediante un comunicado han expresado su rechazo categ\u00f3rico a esta posible alianza, mientras se mantienen a la espera del pronunciamiento oficial de las bases de PK.<\/p>\n<p>Este nuevo convenio dejar\u00eda en una notoria desventaja al movimiento corre\u00edsta que se quedar\u00eda con una minor\u00eda de 67 asamble\u00edstas, de los cu\u00e1les, algunos han anunciado su salida de la tienda pol\u00edtica debido a las fricciones que existir\u00edan entre la militancia. La nueva Asamblea Nacional entrar\u00e1 en funciones el pr\u00f3ximo 14 de mayo y, de momento, surgen nuevas interrogantes \u00bfCu\u00e1l ser\u00e1 la estructura final que tomar\u00e1 el Pleno Legislativo para el nuevo periodo?<\/p>\n<p><img loading=\"lazy\" decoding=\"async\" class=\"alignnone size-medium wp-image-25898\" src=\"http:\/\/www.lodelmomentoloja.com\/wp-content\/uploads\/2025\/05\/WhatsApp-Image-2025-05-07-at-1.13.36-PM-218x300.jpeg\" alt=\"\" width=\"218\" height=\"300\" srcset=\"https:\/\/www.lodelmomentoloja.com\/wp-content\/uploads\/2025\/05\/WhatsApp-Image-2025-05-07-at-1.13.36-PM-218x300.jpeg 218w, https:\/\/www.lodelmomentoloja.com\/wp-content\/uploads\/2025\/05\/WhatsApp-Image-2025-05-07-at-1.13.36-PM-640x880.jpeg 640w, https:\/\/www.lodelmomentoloja.com\/wp-content\/uploads\/2025\/05\/WhatsApp-Image-2025-05-07-at-1.13.36-PM.jpeg 720w\" sizes=\"(max-width: 218px) 100vw, 218px\" \/><\/p>\n<p>\ud83c\udf10\u2705 S\u00edguenos en nuestra p\u00e1gina verificada: https:\/\/www.facebook.com\/lodelmomentolojaEC<\/p>\n<p>www.lodelmomentoloja.com<br \/>\n#LDMnoticias #lodelmomentolojaLDM<\/p>\n","protected":false},"excerpt":{"rendered":"<p>A pocos d\u00edas de llevarse a cabo la primera sesi\u00f3n de la nueva Asamblea Nacional,&#8230;<\/p>\n","protected":false},"author":1,"featured_media":25899,"comment_status":"open","ping_status":"open","sticky":false,"template":"","format":"standard","meta":{"footnotes":""},"categories":[7,1,4,5],"tags":[],"class_list":["post-25897","post","type-post","status-publish","format-standard","has-post-thumbnail","hentry","category-ecuador","category-inicio","category-internacional","category-loja"],"_links":{"self":[{"href":"https:\/\/www.lodelmomentoloja.com\/index.php?rest_route=\/wp\/v2\/posts\/25897"}],"collection":[{"href":"https:\/\/www.lodelmomentoloja.com\/index.php?rest_route=\/wp\/v2\/posts"}],"about":[{"href":"https:\/\/www.lodelmomentoloja.com\/index.php?rest_route=\/wp\/v2\/types\/post"}],"author":[{"embeddable":true,"href":"https:\/\/www.lodelmomentoloja.com\/index.php?rest_route=\/wp\/v2\/users\/1"}],"replies":[{"embeddable":true,"href":"https:\/\/www.lodelmomentoloja.com\/index.php?rest_route=%2Fwp%2Fv2%2Fcomments&post=25897"}],"version-history":[{"count":1,"href":"https:\/\/www.lodelmomentoloja.com\/index.php?rest_route=\/wp\/v2\/posts\/25897\/revisions"}],"predecessor-version":[{"id":25900,"href":"https:\/\/www.lodelmomentoloja.com\/index.php?rest_route=\/wp\/v2\/posts\/25897\/revisions\/25900"}],"wp:featuredmedia":[{"embeddable":true,"href":"https:\/\/www.lodelmomentoloja.com\/index.php?rest_route=\/wp\/v2\/media\/25899"}],"wp:attachment":[{"href":"https:\/\/www.lodelmomentoloja.com\/index.php?rest_route=%2Fwp%2Fv2%2Fmedia&parent=25897"}],"wp:term":[{"taxonomy":"category","embeddable":true,"href":"https:\/\/www.lodelmomentoloja.com\/index.php?rest_route=%2Fwp%2Fv2%2Fcategories&post=25897"},{"taxonomy":"post_tag","embeddable":true,"href":"https:\/\/www.lodelmomentoloja.com\/index.php?rest_route=%2Fwp%2Fv2%2Ftags&post=25897"}],"curies":[{"name":"wp","href":"https:\/\/api.w.org\/{rel}","templated":true}]}}