{"id":25893,"date":"2025-05-07T11:57:27","date_gmt":"2025-05-07T11:57:27","guid":{"rendered":"https:\/\/www.lodelmomentoloja.com\/?p=25893"},"modified":"2025-05-07T17:00:15","modified_gmt":"2025-05-07T17:00:15","slug":"hoy-inicia-el-conclave-para-elegir-al-nuevo-papa-de-la-iglesia-catolica","status":"publish","type":"post","link":"https:\/\/www.lodelmomentoloja.com\/?p=25893","title":{"rendered":"Hoy inicia el c\u00f3nclave para elegir al nuevo Papa de la Iglesia Cat\u00f3lica"},"content":{"rendered":"<p class=\"selectable-text copyable-text x15bjb6t x1n2onr6\" dir=\"ltr\"><span class=\"x19la9d6 x1fc57z9 x6ikm8r x10wlt62 x19co3pv x1g5zs5t xfibh0p xiy17q3 x1xsqp64 x1lkfr7t xexx8yu x4uap5 x18d9i69 xkhd6sd\"><span class=\"xrtxmta x1bhl96m\">\ud83e\uddd0<\/span><\/span><span class=\"x19la9d6 x1fc57z9 x6ikm8r x10wlt62 x19co3pv x1g5zs5t xfibh0p xiy17q3 x1xsqp64 x1lkfr7t xexx8yu x4uap5 x18d9i69 xkhd6sd\"><span class=\"xrtxmta x1bhl96m\">\u270d\ud83c\udffb<\/span><\/span><span class=\"x19la9d6 x1fc57z9 x6ikm8r x10wlt62 x19co3pv x1g5zs5t xfibh0p xiy17q3 x1xsqp64 x1lkfr7t xexx8yu x4uap5 x18d9i69 xkhd6sd\"><span class=\"xrtxmta x1bhl96m\">\ud83d\udde3\ufe0f<\/span><\/span><span class=\"selectable-text copyable-text false\"> \u00a1Elecci\u00f3n del Papa! Este mi\u00e9rcoles 07 de mayo iniciar\u00e1 el c\u00f3nclave para elegir al sucesor del Papa Francisco, 133 cardenales se reunir\u00e1n en la Capilla Sixtina; 15 naciones estar\u00e1n representadas por cardenales electores nativos; esto, debido a que, durante su Pontificado el Papa Francisco incluy\u00f3 a representantes de pa\u00edses que, seg\u00fan relatos hist\u00f3ricos, hab\u00edan sido marginados por la iglesia cat\u00f3lica \u00bfC\u00f3mo se llevar\u00e1 a cabo el proceso de votaci\u00f3n?<\/p>\n<p><\/span><\/p>\n<div style=\"width: 640px;\" class=\"wp-video\"><!--[if lt IE 9]><script>document.createElement('video');<\/script><![endif]-->\n<video class=\"wp-video-shortcode\" id=\"video-25893-1\" width=\"640\" height=\"360\" preload=\"metadata\" controls=\"controls\"><source type=\"video\/mp4\" src=\"http:\/\/www.lodelmomentoloja.com\/wp-content\/uploads\/2025\/05\/INICIO-DEL-CONCLAVE-REDUCIDO.mp4?_=1\" \/><a href=\"http:\/\/www.lodelmomentoloja.com\/wp-content\/uploads\/2025\/05\/INICIO-DEL-CONCLAVE-REDUCIDO.mp4\">http:\/\/www.lodelmomentoloja.com\/wp-content\/uploads\/2025\/05\/INICIO-DEL-CONCLAVE-REDUCIDO.mp4<\/a><\/video><\/div>\n<p class=\"selectable-text copyable-text x15bjb6t x1n2onr6\" dir=\"ltr\"><span class=\"selectable-text copyable-text false\">\u00a0<\/span><\/p>\n<p>Este c\u00f3nclave ha sido catalogado como el m\u00e1s diverso, puesto que, por primera vez en la historia, 15 naciones estar\u00e1n representadas por cardenales electores nativos; esto, debido a que, durante su Pontificado el Papa Francisco incluy\u00f3 a representantes de pa\u00edses como Rep\u00fablica Centroafricana, Hait\u00ed, Malasia, Myanmar, Paraguay y Singapur naciones que, seg\u00fan relatos hist\u00f3ricos, hab\u00edan sido marginados por la iglesia cat\u00f3lica.<\/p>\n<p>Esta ceremonia inicia con la misa denominada \u201cPro eligendo Pontifice\u201d y contin\u00faa con las votaciones diarias en la Capilla Sixtina. Este 07 de mayo es el primer d\u00eda de elecci\u00f3n, cada ronda de votaci\u00f3n durar\u00e1 dos horas aproximadamente, puesto que, cada cardenal emitir\u00e1 su voto de manera individual.<\/p>\n<p>Hoy se celebrar\u00e1 solamente una ronda, pero durante los pr\u00f3ximos cuatro d\u00edas la votaci\u00f3n podr\u00eda desarrollarse hasta en cuatro rondas: dos por la ma\u00f1ana y dos por la tarde. Seg\u00fan la tradici\u00f3n, si esos cuatro d\u00edas a\u00fan no se ha elegido al nuevo Papa, el quinto d\u00eda se convierte en un espacio de oraci\u00f3n, reflexi\u00f3n y debate informal. La votaci\u00f3n se reanudar\u00e1 a m\u00e1s tardar un d\u00eda despu\u00e9s y continuar\u00e1 durante siete rondas antes de la siguiente pausa.<\/p>\n<p>Nueve cardenales son elegidos al alzar para desempe\u00f1ar funciones en cada sesi\u00f3n: tres escrutadores que supervisan la votaci\u00f3n, tres colaboradores (infirmarii) recogen los votos de los cardenales con alguna condici\u00f3n de salud y tres auditores para verificar los resultados.<\/p>\n<p>La votaci\u00f3n se realiza de manera escrita y an\u00f3nima, all\u00ed cada cardenal recibir\u00e1 una papeleta donde apuntar\u00e1n el nombre de su candidato. Luego, por orden de antig\u00fcedad, caminar\u00e1n hacia el altar para depositar su voto en un recipiente cubierto por un plato. Una vez haya culminado el proceso, los cardenales escrutadores contar\u00e1n leer\u00e1n los votos en voz alta.<\/p>\n<p>En caso de que ninguno de los candidatos consiga la mayor\u00eda de dos tercios de los votos, lanzar\u00e1n humo negro, mientras que la salida del humo blanco representa que el nuevo Papa ha sido electo.<\/p>\n<p class=\"selectable-text copyable-text x15bjb6t x1n2onr6\" dir=\"ltr\"><span class=\"selectable-text copyable-text false\">Noticia completa <\/span><span class=\"x19la9d6 x1fc57z9 x6ikm8r x10wlt62 x19co3pv x1g5zs5t xfibh0p xiy17q3 x1xsqp64 x1lkfr7t xexx8yu x4uap5 x18d9i69 xkhd6sd\"><span class=\"xrtxmta x1bhl96m\">\ud83d\udcf2<\/span><\/span> <span class=\"selectable-text copyable-text false\">https:\/\/youtu.be\/8-7X9i7B_7E<\/span><\/p>\n<p class=\"selectable-text copyable-text x15bjb6t x1n2onr6\" dir=\"ltr\"><span class=\"x19la9d6 x1fc57z9 x6ikm8r x10wlt62 x19co3pv x1g5zs5t xfibh0p xiy17q3 x1xsqp64 x1lkfr7t xexx8yu x4uap5 x18d9i69 xkhd6sd\"><span class=\"xrtxmta x1bhl96m\">\ud83c\udf10<\/span><\/span><span class=\"x19la9d6 x1fc57z9 x6ikm8r x10wlt62 x19co3pv x1g5zs5t xfibh0p xiy17q3 x1xsqp64 x1lkfr7t xexx8yu x4uap5 x18d9i69 xkhd6sd\"><span class=\"xrtxmta x1bhl96m\">\u2705<\/span><\/span><span class=\"selectable-text copyable-text false\"> S\u00edguenos en nuestra p\u00e1gina verificada: <\/span><span class=\"selectable-text copyable-text false\">https:\/\/www.facebook.com\/lodelmomentolojaEC<\/span><\/p>\n<p class=\"selectable-text copyable-text x15bjb6t x1n2onr6\" dir=\"ltr\"><span class=\"selectable-text copyable-text false\">www.lodelmomentoloja.com<\/span><\/p>\n<p class=\"selectable-text copyable-text x15bjb6t x1n2onr6\" dir=\"ltr\"><span class=\"selectable-text copyable-text false\">#LDMnoticias #lodelmomentolojaLDM<\/span><\/p>\n","protected":false},"excerpt":{"rendered":"<p>\ud83e\uddd0\u270d\ud83c\udffb\ud83d\udde3\ufe0f \u00a1Elecci\u00f3n del Papa! Este mi\u00e9rcoles 07 de mayo iniciar\u00e1 el c\u00f3nclave para elegir al&#8230;<\/p>\n","protected":false},"author":1,"featured_media":25895,"comment_status":"open","ping_status":"open","sticky":false,"template":"","format":"standard","meta":{"footnotes":""},"categories":[7,1,4,5,6],"tags":[],"class_list":["post-25893","post","type-post","status-publish","format-standard","has-post-thumbnail","hentry","category-ecuador","category-inicio","category-internacional","category-loja","category-zamora"],"_links":{"self":[{"href":"https:\/\/www.lodelmomentoloja.com\/index.php?rest_route=\/wp\/v2\/posts\/25893"}],"collection":[{"href":"https:\/\/www.lodelmomentoloja.com\/index.php?rest_route=\/wp\/v2\/posts"}],"about":[{"href":"https:\/\/www.lodelmomentoloja.com\/index.php?rest_route=\/wp\/v2\/types\/post"}],"author":[{"embeddable":true,"href":"https:\/\/www.lodelmomentoloja.com\/index.php?rest_route=\/wp\/v2\/users\/1"}],"replies":[{"embeddable":true,"href":"https:\/\/www.lodelmomentoloja.com\/index.php?rest_route=%2Fwp%2Fv2%2Fcomments&post=25893"}],"version-history":[{"count":1,"href":"https:\/\/www.lodelmomentoloja.com\/index.php?rest_route=\/wp\/v2\/posts\/25893\/revisions"}],"predecessor-version":[{"id":25896,"href":"https:\/\/www.lodelmomentoloja.com\/index.php?rest_route=\/wp\/v2\/posts\/25893\/revisions\/25896"}],"wp:featuredmedia":[{"embeddable":true,"href":"https:\/\/www.lodelmomentoloja.com\/index.php?rest_route=\/wp\/v2\/media\/25895"}],"wp:attachment":[{"href":"https:\/\/www.lodelmomentoloja.com\/index.php?rest_route=%2Fwp%2Fv2%2Fmedia&parent=25893"}],"wp:term":[{"taxonomy":"category","embeddable":true,"href":"https:\/\/www.lodelmomentoloja.com\/index.php?rest_route=%2Fwp%2Fv2%2Fcategories&post=25893"},{"taxonomy":"post_tag","embeddable":true,"href":"https:\/\/www.lodelmomentoloja.com\/index.php?rest_route=%2Fwp%2Fv2%2Ftags&post=25893"}],"curies":[{"name":"wp","href":"https:\/\/api.w.org\/{rel}","templated":true}]}}