{"id":25870,"date":"2025-05-06T17:16:31","date_gmt":"2025-05-06T17:16:31","guid":{"rendered":"https:\/\/www.lodelmomentoloja.com\/?p=25870"},"modified":"2025-05-06T22:17:50","modified_gmt":"2025-05-06T22:17:50","slug":"precio-de-mascarillas-incrementaron-en-300","status":"publish","type":"post","link":"https:\/\/www.lodelmomentoloja.com\/?p=25870","title":{"rendered":"PRECIO DE MASCARILLAS INCREMENTARON EN 300%"},"content":{"rendered":"<p>\ud83d\ude37\ud83d\ude24\ud83d\udc49\ud83c\udffb \u00a1Se llevaron todo! La demanda de mascarillas se increment\u00f3 tras el anuncio del Ministerio de Educaci\u00f3n que establece el uso de mascarilla en planteles educativos para disminuir los contagios por tosferina provocando aparentes sobreprecios que superar\u00edan el 300%, usuarios en redes sociales denunciaron que la caja de mascarillas pas\u00f3 de costar $2, 75 a venderse entre $10 y $20 en ciudades como Quito y Guayaquil lo que produjo una escasez del producto. Por su parte, el Ministerio de Gobierno anunci\u00f3 que se intensificar\u00e1n los controles con las intendencias generales de Polic\u00eda y otras instituciones estatales a fin de prevenir esta pr\u00e1ctica.<\/p>\n<p>\ud83c\udf10\u2705 S\u00edguenos en nuestra p\u00e1gina verificada: https:\/\/www.facebook.com\/lodelmomentolojaEC<\/p>\n<p>www.lodelmomentoloja.com<br \/>\n<a class=\"x1i10hfl xjbqb8w x1ejq31n xd10rxx x1sy0etr x17r0tee x972fbf xcfux6l x1qhh985 xm0m39n x9f619 x1ypdohk xt0psk2 xe8uvvx xdj266r x11i5rnm xat24cr x1mh8g0r xexx8yu x4uap5 x18d9i69 xkhd6sd x16tdsg8 x1hl2dhg xggy1nq x1a2a7pz  _aa9_ _a6hd\" tabindex=\"0\" role=\"link\" href=\"https:\/\/www.instagram.com\/explore\/tags\/ldmnoticias\/\">#LDMnoticias<\/a>\u00a0<a class=\"x1i10hfl xjbqb8w x1ejq31n xd10rxx x1sy0etr x17r0tee x972fbf xcfux6l x1qhh985 xm0m39n x9f619 x1ypdohk xt0psk2 xe8uvvx xdj266r x11i5rnm xat24cr x1mh8g0r xexx8yu x4uap5 x18d9i69 xkhd6sd x16tdsg8 x1hl2dhg xggy1nq x1a2a7pz  _aa9_ _a6hd\" tabindex=\"0\" role=\"link\" href=\"https:\/\/www.instagram.com\/explore\/tags\/lodelmomentolojaldm\/\">#lodelmomentolojaLDM<\/a><\/p>\n","protected":false},"excerpt":{"rendered":"<p>\ud83d\ude37\ud83d\ude24\ud83d\udc49\ud83c\udffb \u00a1Se llevaron todo! La demanda de mascarillas se increment\u00f3 tras el anuncio del Ministerio&#8230;<\/p>\n","protected":false},"author":1,"featured_media":25871,"comment_status":"open","ping_status":"open","sticky":false,"template":"","format":"standard","meta":{"footnotes":""},"categories":[7,1,5],"tags":[],"class_list":["post-25870","post","type-post","status-publish","format-standard","has-post-thumbnail","hentry","category-ecuador","category-inicio","category-loja"],"_links":{"self":[{"href":"https:\/\/www.lodelmomentoloja.com\/index.php?rest_route=\/wp\/v2\/posts\/25870"}],"collection":[{"href":"https:\/\/www.lodelmomentoloja.com\/index.php?rest_route=\/wp\/v2\/posts"}],"about":[{"href":"https:\/\/www.lodelmomentoloja.com\/index.php?rest_route=\/wp\/v2\/types\/post"}],"author":[{"embeddable":true,"href":"https:\/\/www.lodelmomentoloja.com\/index.php?rest_route=\/wp\/v2\/users\/1"}],"replies":[{"embeddable":true,"href":"https:\/\/www.lodelmomentoloja.com\/index.php?rest_route=%2Fwp%2Fv2%2Fcomments&post=25870"}],"version-history":[{"count":1,"href":"https:\/\/www.lodelmomentoloja.com\/index.php?rest_route=\/wp\/v2\/posts\/25870\/revisions"}],"predecessor-version":[{"id":25872,"href":"https:\/\/www.lodelmomentoloja.com\/index.php?rest_route=\/wp\/v2\/posts\/25870\/revisions\/25872"}],"wp:featuredmedia":[{"embeddable":true,"href":"https:\/\/www.lodelmomentoloja.com\/index.php?rest_route=\/wp\/v2\/media\/25871"}],"wp:attachment":[{"href":"https:\/\/www.lodelmomentoloja.com\/index.php?rest_route=%2Fwp%2Fv2%2Fmedia&parent=25870"}],"wp:term":[{"taxonomy":"category","embeddable":true,"href":"https:\/\/www.lodelmomentoloja.com\/index.php?rest_route=%2Fwp%2Fv2%2Fcategories&post=25870"},{"taxonomy":"post_tag","embeddable":true,"href":"https:\/\/www.lodelmomentoloja.com\/index.php?rest_route=%2Fwp%2Fv2%2Ftags&post=25870"}],"curies":[{"name":"wp","href":"https:\/\/api.w.org\/{rel}","templated":true}]}}