{"id":25861,"date":"2025-05-06T14:15:18","date_gmt":"2025-05-06T14:15:18","guid":{"rendered":"https:\/\/www.lodelmomentoloja.com\/?p=25861"},"modified":"2025-05-06T21:16:29","modified_gmt":"2025-05-06T21:16:29","slug":"loja-enfrenta-una-alerta-epidemiologica-por-brotes-de-tosferina","status":"publish","type":"post","link":"https:\/\/www.lodelmomentoloja.com\/?p=25861","title":{"rendered":"LOJA ENFRENTA UNA ALERTA EPIDEMIOL\u00d3GICA POR BROTES DE TOSFERINA"},"content":{"rendered":"<p>\ud83d\ude31\ud83d\udea8\ud83d\ude37 Actualmente, Ecuador enfrenta una alerta epidemiol\u00f3gica por los brotes de tosferina y fiebre amarilla, afectando gravemente a provincias como Guayas, Pichincha, Manab\u00ed y Santo Domingo, pero a la lista tambi\u00e9n se suma la provincia de Loja, puesto que, seg\u00fan el responsable zonal de la Gesti\u00f3n de Vigilancia, Prevenci\u00f3n y Control de la Salud del MSP, Darwin Armijos inform\u00f3 que en lo que va del 2025 ya se han registrado 15 casos de tosferina alrededor de la provincia, mismos que se suman a los 27 registrados en la zona 7 (10 en El Oro y 2 en Zamora Chinchipe). A escala nacional ya se registran 321 casos con corte a la semana epidemiol\u00f3gica 17; entre tanto, Armijo record\u00f3 que el sistema de vacunaci\u00f3n es una de las medidas de prevenci\u00f3n para la propagaci\u00f3n de nuevos contagios.<\/p>\n<p>\ud83c\udf10\u2705 S\u00edguenos en nuestra p\u00e1gina verificada: https:\/\/www.facebook.com\/lodelmomentolojaEC<\/p>\n<p>www.lodelmomentoloja.com<br \/>\n<a class=\"x1i10hfl xjbqb8w x1ejq31n xd10rxx x1sy0etr x17r0tee x972fbf xcfux6l x1qhh985 xm0m39n x9f619 x1ypdohk xt0psk2 xe8uvvx xdj266r x11i5rnm xat24cr x1mh8g0r xexx8yu x4uap5 x18d9i69 xkhd6sd x16tdsg8 x1hl2dhg xggy1nq x1a2a7pz  _aa9_ _a6hd\" tabindex=\"0\" role=\"link\" href=\"https:\/\/www.instagram.com\/explore\/tags\/ldmnoticias\/\">#LDMnoticias<\/a>\u00a0<a class=\"x1i10hfl xjbqb8w x1ejq31n xd10rxx x1sy0etr x17r0tee x972fbf xcfux6l x1qhh985 xm0m39n x9f619 x1ypdohk xt0psk2 xe8uvvx xdj266r x11i5rnm xat24cr x1mh8g0r xexx8yu x4uap5 x18d9i69 xkhd6sd x16tdsg8 x1hl2dhg xggy1nq x1a2a7pz  _aa9_ _a6hd\" tabindex=\"0\" role=\"link\" href=\"https:\/\/www.instagram.com\/explore\/tags\/lodelmomentolojaldm\/\">#lodelmomentolojaLDM<\/a><\/p>\n","protected":false},"excerpt":{"rendered":"<p>\ud83d\ude31\ud83d\udea8\ud83d\ude37 Actualmente, Ecuador enfrenta una alerta epidemiol\u00f3gica por los brotes de tosferina y fiebre amarilla,&#8230;<\/p>\n","protected":false},"author":1,"featured_media":25862,"comment_status":"open","ping_status":"open","sticky":false,"template":"","format":"standard","meta":{"footnotes":""},"categories":[7,1,5],"tags":[],"class_list":["post-25861","post","type-post","status-publish","format-standard","has-post-thumbnail","hentry","category-ecuador","category-inicio","category-loja"],"_links":{"self":[{"href":"https:\/\/www.lodelmomentoloja.com\/index.php?rest_route=\/wp\/v2\/posts\/25861"}],"collection":[{"href":"https:\/\/www.lodelmomentoloja.com\/index.php?rest_route=\/wp\/v2\/posts"}],"about":[{"href":"https:\/\/www.lodelmomentoloja.com\/index.php?rest_route=\/wp\/v2\/types\/post"}],"author":[{"embeddable":true,"href":"https:\/\/www.lodelmomentoloja.com\/index.php?rest_route=\/wp\/v2\/users\/1"}],"replies":[{"embeddable":true,"href":"https:\/\/www.lodelmomentoloja.com\/index.php?rest_route=%2Fwp%2Fv2%2Fcomments&post=25861"}],"version-history":[{"count":1,"href":"https:\/\/www.lodelmomentoloja.com\/index.php?rest_route=\/wp\/v2\/posts\/25861\/revisions"}],"predecessor-version":[{"id":25863,"href":"https:\/\/www.lodelmomentoloja.com\/index.php?rest_route=\/wp\/v2\/posts\/25861\/revisions\/25863"}],"wp:featuredmedia":[{"embeddable":true,"href":"https:\/\/www.lodelmomentoloja.com\/index.php?rest_route=\/wp\/v2\/media\/25862"}],"wp:attachment":[{"href":"https:\/\/www.lodelmomentoloja.com\/index.php?rest_route=%2Fwp%2Fv2%2Fmedia&parent=25861"}],"wp:term":[{"taxonomy":"category","embeddable":true,"href":"https:\/\/www.lodelmomentoloja.com\/index.php?rest_route=%2Fwp%2Fv2%2Fcategories&post=25861"},{"taxonomy":"post_tag","embeddable":true,"href":"https:\/\/www.lodelmomentoloja.com\/index.php?rest_route=%2Fwp%2Fv2%2Ftags&post=25861"}],"curies":[{"name":"wp","href":"https:\/\/api.w.org\/{rel}","templated":true}]}}