{"id":25843,"date":"2025-05-05T15:10:11","date_gmt":"2025-05-05T15:10:11","guid":{"rendered":"https:\/\/www.lodelmomentoloja.com\/?p=25843"},"modified":"2025-05-05T20:17:24","modified_gmt":"2025-05-05T20:17:24","slug":"atleta-ecuatoriana-denuncia-a-la-federacion-ecuatoriana-de-atletismo","status":"publish","type":"post","link":"https:\/\/www.lodelmomentoloja.com\/?p=25843","title":{"rendered":"ATLETA ECUATORIANA DENUNCIA A LA FEDERACI\u00d3N ECUATORIANA DE ATLETISMO"},"content":{"rendered":"<p>\ud83c\uddea\ud83c\udde8\ud83d\ude2d\ud83d\udde3\ufe0f \u00a1Todo por un cupo! La deportista Johana Ordo\u00f1ez denunci\u00f3 a trav\u00e9s de sus redes sociales, presuntos atropellos por parte del presidente de la Federaci\u00f3n Ecuatoriana de Atletismo, Manuel Bravo. Al borde del llanto, Ordo\u00f1ez explic\u00f3 que la directiva de la Federaci\u00f3n le neg\u00f3 un cupo para competir en el Campeonato Panamericano que se desarrollar\u00e1 del 15 al 17 mayo de 2025 representando a la selecci\u00f3n ecuatoriana.<\/p>\n<p>En un video de cerca de 5 minutos publicado el 04 de mayo, Ordo\u00f1ez se\u00f1ala que son varios los 4tr0p3ll0s que ha sufrido a lo largo de su carrera, mismos que le habr\u00edan impedido participar en varios eventos deportivos. Ahora, hace un llamado al presidente de la Rep\u00fablica, Daniel Noboa para que tome cartas en el asunto con el objetivo de cumplir sue\u00f1o \u201c\u00bfQu\u00e9 m\u00e1s quieren para que me inscriban en el Panamericano de marcha? Usted no sabe cu\u00e1nto da\u00f1o me est\u00e1 haciendo\u201d, agreg\u00f3 la marchista en otra publicaci\u00f3n. Cabe recordar que Johana Ordo\u00f1ez se ubic\u00f3 en la novena posici\u00f3n en el Mundial de Marcha en Om\u00e1n y fue Campeona Mundial por equipos en la prueba de 35 km en el a\u00f1o 2022, logrando as\u00ed su clasificaci\u00f3n al Mundial de Atletismo en Budapest al a\u00f1o siguiente.<\/p>\n<p>\ud83c\udf10\u2705 S\u00edguenos en nuestra p\u00e1gina verificada: https:\/\/www.facebook.com\/lodelmomentolojaEC<\/p>\n<p>www.lodelmomentoloja.com<br \/>\n<a class=\"x1i10hfl xjbqb8w x1ejq31n xd10rxx x1sy0etr x17r0tee x972fbf xcfux6l x1qhh985 xm0m39n x9f619 x1ypdohk xt0psk2 xe8uvvx xdj266r x11i5rnm xat24cr x1mh8g0r xexx8yu x4uap5 x18d9i69 xkhd6sd x16tdsg8 x1hl2dhg xggy1nq x1a2a7pz  _aa9_ _a6hd\" tabindex=\"0\" role=\"link\" href=\"https:\/\/www.instagram.com\/explore\/tags\/ldmnoticias\/\">#LDMnoticias<\/a>\u00a0<a class=\"x1i10hfl xjbqb8w x1ejq31n xd10rxx x1sy0etr x17r0tee x972fbf xcfux6l x1qhh985 xm0m39n x9f619 x1ypdohk xt0psk2 xe8uvvx xdj266r x11i5rnm xat24cr x1mh8g0r xexx8yu x4uap5 x18d9i69 xkhd6sd x16tdsg8 x1hl2dhg xggy1nq x1a2a7pz  _aa9_ _a6hd\" tabindex=\"0\" role=\"link\" href=\"https:\/\/www.instagram.com\/explore\/tags\/lodelmomentolojaldm\/\">#lodelmomentolojaLDM<\/a><\/p>\n","protected":false},"excerpt":{"rendered":"<p>\ud83c\uddea\ud83c\udde8\ud83d\ude2d\ud83d\udde3\ufe0f \u00a1Todo por un cupo! La deportista Johana Ordo\u00f1ez denunci\u00f3 a trav\u00e9s de sus redes&#8230;<\/p>\n","protected":false},"author":1,"featured_media":25844,"comment_status":"open","ping_status":"open","sticky":false,"template":"","format":"standard","meta":{"footnotes":""},"categories":[7,1,4],"tags":[],"class_list":["post-25843","post","type-post","status-publish","format-standard","has-post-thumbnail","hentry","category-ecuador","category-inicio","category-internacional"],"_links":{"self":[{"href":"https:\/\/www.lodelmomentoloja.com\/index.php?rest_route=\/wp\/v2\/posts\/25843"}],"collection":[{"href":"https:\/\/www.lodelmomentoloja.com\/index.php?rest_route=\/wp\/v2\/posts"}],"about":[{"href":"https:\/\/www.lodelmomentoloja.com\/index.php?rest_route=\/wp\/v2\/types\/post"}],"author":[{"embeddable":true,"href":"https:\/\/www.lodelmomentoloja.com\/index.php?rest_route=\/wp\/v2\/users\/1"}],"replies":[{"embeddable":true,"href":"https:\/\/www.lodelmomentoloja.com\/index.php?rest_route=%2Fwp%2Fv2%2Fcomments&post=25843"}],"version-history":[{"count":1,"href":"https:\/\/www.lodelmomentoloja.com\/index.php?rest_route=\/wp\/v2\/posts\/25843\/revisions"}],"predecessor-version":[{"id":25845,"href":"https:\/\/www.lodelmomentoloja.com\/index.php?rest_route=\/wp\/v2\/posts\/25843\/revisions\/25845"}],"wp:featuredmedia":[{"embeddable":true,"href":"https:\/\/www.lodelmomentoloja.com\/index.php?rest_route=\/wp\/v2\/media\/25844"}],"wp:attachment":[{"href":"https:\/\/www.lodelmomentoloja.com\/index.php?rest_route=%2Fwp%2Fv2%2Fmedia&parent=25843"}],"wp:term":[{"taxonomy":"category","embeddable":true,"href":"https:\/\/www.lodelmomentoloja.com\/index.php?rest_route=%2Fwp%2Fv2%2Fcategories&post=25843"},{"taxonomy":"post_tag","embeddable":true,"href":"https:\/\/www.lodelmomentoloja.com\/index.php?rest_route=%2Fwp%2Fv2%2Ftags&post=25843"}],"curies":[{"name":"wp","href":"https:\/\/api.w.org\/{rel}","templated":true}]}}