{"id":25836,"date":"2025-05-05T13:47:53","date_gmt":"2025-05-05T13:47:53","guid":{"rendered":"https:\/\/www.lodelmomentoloja.com\/?p=25836"},"modified":"2025-05-05T18:53:49","modified_gmt":"2025-05-05T18:53:49","slug":"utpl-celebra-54-anos-de-innovacion-impacto-global-y-transformacion-educativa","status":"publish","type":"post","link":"https:\/\/www.lodelmomentoloja.com\/?p=25836","title":{"rendered":"UTPL celebra 54 a\u00f1os de innovaci\u00f3n, impacto global y transformaci\u00f3n educativa."},"content":{"rendered":"<p>La Universidad T\u00e9cnica Particular de Loja (UTPL) celebra 54 a\u00f1os de trayectoria al servicio de la educaci\u00f3n superior con una programaci\u00f3n acad\u00e9mica, cultural y de innovaci\u00f3n que refuerza su visi\u00f3n global y su compromiso con la transformaci\u00f3n social.<\/p>\n<p>Desde el 28 de abril, la UTPL desarrolla una serie de actividades conmemorativas que integran a la comunidad universitaria, aliados estrat\u00e9gicos, instituciones educativas y a la sociedad civil en general. La agenda inici\u00f3 con el InnovaFest UTPL, un espacio dedicado a la presentaci\u00f3n de proyectos de innovaci\u00f3n educativa y a la colaboraci\u00f3n con empresas e instituciones. Las celebraciones continuar\u00e1n el martes 6 de mayo, con una eucarist\u00eda y una sesi\u00f3n solemne de aniversario, en la que se otorgar\u00e1 el t\u00edtulo de Doctor Honoris Causa a Pablo Ruisoto Palomera, doctor en Neuropsicolog\u00eda por la Universidad de Salamanca.<br \/>\n<img loading=\"lazy\" decoding=\"async\" class=\"alignnone size-medium wp-image-25838\" src=\"http:\/\/www.lodelmomentoloja.com\/wp-content\/uploads\/2025\/05\/WhatsApp-Image-2025-05-05-at-11.28.04-AM-300x200.jpeg\" alt=\"\" width=\"300\" height=\"200\" srcset=\"https:\/\/www.lodelmomentoloja.com\/wp-content\/uploads\/2025\/05\/WhatsApp-Image-2025-05-05-at-11.28.04-AM-300x200.jpeg 300w, https:\/\/www.lodelmomentoloja.com\/wp-content\/uploads\/2025\/05\/WhatsApp-Image-2025-05-05-at-11.28.04-AM-768x512.jpeg 768w, https:\/\/www.lodelmomentoloja.com\/wp-content\/uploads\/2025\/05\/WhatsApp-Image-2025-05-05-at-11.28.04-AM-640x427.jpeg 640w, https:\/\/www.lodelmomentoloja.com\/wp-content\/uploads\/2025\/05\/WhatsApp-Image-2025-05-05-at-11.28.04-AM.jpeg 799w\" sizes=\"(max-width: 300px) 100vw, 300px\" \/><\/p>\n<p>Tambi\u00e9n se rendir\u00e1 homenaje al personal administrativo que cumple 5, 10, 15, 20, 25, 30 y 35 a\u00f1os de servicio, as\u00ed como a los mejores estudiantes, esto el martes 13 de mayo. Adem\u00e1s, se han programado otras actividades significativas, como la Carrera UTPL 5K \u201cCamina\u201d, y eventos culturales, acad\u00e9micos y deportivos que se llevar\u00e1n a cabo en el Campus UTPL y centros de apoyo a nivel nacional e internacional.<\/p>\n<p>En el marco de este aniversario, la UTPL consolida su prop\u00f3sito institucional de transformar vidas y contextos, en l\u00ednea con su Plan Estrat\u00e9gico de Desarrollo Institucional (PEDI) al 2030. Esta hoja de ruta se fundamenta en una misi\u00f3n humanista e internacional, guiada por tres principios (misi\u00f3n\/visi\u00f3n, dignidad y sostenibilidad) y seis valores institucionales: audacia, servicio, excelencia, inclusi\u00f3n, colaboraci\u00f3n y humanismo.<\/p>\n<p>\u201cApostamos por una educaci\u00f3n con visi\u00f3n global y fuerte impacto local, que forme ciudadanos capaces de enfrentar los desaf\u00edos de un mundo interconectado, equitativo y \u00e9tico\u201d, se\u00f1ala Ana Bravo Mu\u00f1oz, directora general de Relaciones Interinstitucionales de la UTPL.<\/p>\n<p><img loading=\"lazy\" decoding=\"async\" class=\"alignnone size-medium wp-image-25841\" src=\"http:\/\/www.lodelmomentoloja.com\/wp-content\/uploads\/2025\/05\/WhatsApp-Image-2025-05-05-at-11.28.04-AM-2-200x300.jpeg\" alt=\"\" width=\"200\" height=\"300\" srcset=\"https:\/\/www.lodelmomentoloja.com\/wp-content\/uploads\/2025\/05\/WhatsApp-Image-2025-05-05-at-11.28.04-AM-2-200x300.jpeg 200w, https:\/\/www.lodelmomentoloja.com\/wp-content\/uploads\/2025\/05\/WhatsApp-Image-2025-05-05-at-11.28.04-AM-2-682x1024.jpeg 682w, https:\/\/www.lodelmomentoloja.com\/wp-content\/uploads\/2025\/05\/WhatsApp-Image-2025-05-05-at-11.28.04-AM-2-768x1152.jpeg 768w, https:\/\/www.lodelmomentoloja.com\/wp-content\/uploads\/2025\/05\/WhatsApp-Image-2025-05-05-at-11.28.04-AM-2-640x960.jpeg 640w, https:\/\/www.lodelmomentoloja.com\/wp-content\/uploads\/2025\/05\/WhatsApp-Image-2025-05-05-at-11.28.04-AM-2.jpeg 853w\" sizes=\"(max-width: 200px) 100vw, 200px\" \/><\/p>\n<p>Durante el \u00faltimo a\u00f1o, la Universidad T\u00e9cnica Particular de Loja (UTPL) ha logrado importantes hitos que fortalecen su posicionamiento como una instituci\u00f3n innovadora, con proyecci\u00f3n internacional y un firme compromiso con la excelencia acad\u00e9mica. En el \u00e1mbito global, la estrategia UTPL Cross-Border ha permitido brindar asesor\u00eda y facilitar la validaci\u00f3n de t\u00edtulos para estudiantes y graduados en Estados Unidos, promoviendo as\u00ed su movilidad acad\u00e9mica y profesional.<\/p>\n<p>En cuanto a investigaci\u00f3n, la vicerrectora Ximena Jaramillo fue reconocida con el prestigioso premio L&#8217;Or\u00e9al-Unesco Mujeres en la Ciencia, que destaca su trayectoria y valioso aporte al desarrollo cient\u00edfico. En el campo de la innovaci\u00f3n y el emprendimiento, Prendho, la incubadora de negocios de la UTPL, fue distinguida como Miembro del A\u00f1o por el Babson Collaborative Summit, una destacada red internacional de universidades l\u00edderes en emprendimiento. Adem\u00e1s, la universidad recibi\u00f3 el reconocimiento a Mejor Invenci\u00f3n Acad\u00e9mica en la Feria Nacional de Invenciones Acad\u00e9micas 2024, organizada por CEDIA, reafirmando su compromiso con el desarrollo cient\u00edfico y tecnol\u00f3gico del pa\u00eds.<\/p>\n<p><img loading=\"lazy\" decoding=\"async\" class=\"alignnone size-medium wp-image-25839\" src=\"http:\/\/www.lodelmomentoloja.com\/wp-content\/uploads\/2025\/05\/WhatsApp-Image-2025-05-05-at-11.28.04-AM-1-300x169.jpeg\" alt=\"\" width=\"300\" height=\"169\" srcset=\"https:\/\/www.lodelmomentoloja.com\/wp-content\/uploads\/2025\/05\/WhatsApp-Image-2025-05-05-at-11.28.04-AM-1-300x169.jpeg 300w, https:\/\/www.lodelmomentoloja.com\/wp-content\/uploads\/2025\/05\/WhatsApp-Image-2025-05-05-at-11.28.04-AM-1-1024x575.jpeg 1024w, https:\/\/www.lodelmomentoloja.com\/wp-content\/uploads\/2025\/05\/WhatsApp-Image-2025-05-05-at-11.28.04-AM-1-768x431.jpeg 768w, https:\/\/www.lodelmomentoloja.com\/wp-content\/uploads\/2025\/05\/WhatsApp-Image-2025-05-05-at-11.28.04-AM-1-640x360.jpeg 640w, https:\/\/www.lodelmomentoloja.com\/wp-content\/uploads\/2025\/05\/WhatsApp-Image-2025-05-05-at-11.28.04-AM-1.jpeg 1280w\" sizes=\"(max-width: 300px) 100vw, 300px\" \/><\/p>\n<p>Con m\u00e1s de cinco d\u00e9cadas de servicio, la UTPL se consolida como una universidad cosmopolita, colaborativa y visionaria, que contin\u00faa construyendo alianzas para formar l\u00edderes comprometidos con un mundo m\u00e1s humano, sostenible e innovador.<\/p>\n<p><img loading=\"lazy\" decoding=\"async\" class=\"alignnone size-medium wp-image-25840\" src=\"http:\/\/www.lodelmomentoloja.com\/wp-content\/uploads\/2025\/05\/WhatsApp-Image-2025-05-05-at-11.28.05-AM-300x200.jpeg\" alt=\"\" width=\"300\" height=\"200\" srcset=\"https:\/\/www.lodelmomentoloja.com\/wp-content\/uploads\/2025\/05\/WhatsApp-Image-2025-05-05-at-11.28.05-AM-300x200.jpeg 300w, https:\/\/www.lodelmomentoloja.com\/wp-content\/uploads\/2025\/05\/WhatsApp-Image-2025-05-05-at-11.28.05-AM-1024x682.jpeg 1024w, https:\/\/www.lodelmomentoloja.com\/wp-content\/uploads\/2025\/05\/WhatsApp-Image-2025-05-05-at-11.28.05-AM-768x512.jpeg 768w, https:\/\/www.lodelmomentoloja.com\/wp-content\/uploads\/2025\/05\/WhatsApp-Image-2025-05-05-at-11.28.05-AM-640x427.jpeg 640w, https:\/\/www.lodelmomentoloja.com\/wp-content\/uploads\/2025\/05\/WhatsApp-Image-2025-05-05-at-11.28.05-AM.jpeg 1280w\" sizes=\"(max-width: 300px) 100vw, 300px\" \/><\/p>\n<p>S\u00edguenos con nuestros hashtag<br \/>\n#lodelmomentoloja \/ #LDMnoticias \/ #lodelmomentolojaLDM<\/p>\n","protected":false},"excerpt":{"rendered":"<p>La Universidad T\u00e9cnica Particular de Loja (UTPL) celebra 54 a\u00f1os de trayectoria al servicio de&#8230;<\/p>\n","protected":false},"author":1,"featured_media":25837,"comment_status":"open","ping_status":"open","sticky":false,"template":"","format":"standard","meta":{"footnotes":""},"categories":[7,1,5],"tags":[],"class_list":["post-25836","post","type-post","status-publish","format-standard","has-post-thumbnail","hentry","category-ecuador","category-inicio","category-loja"],"_links":{"self":[{"href":"https:\/\/www.lodelmomentoloja.com\/index.php?rest_route=\/wp\/v2\/posts\/25836"}],"collection":[{"href":"https:\/\/www.lodelmomentoloja.com\/index.php?rest_route=\/wp\/v2\/posts"}],"about":[{"href":"https:\/\/www.lodelmomentoloja.com\/index.php?rest_route=\/wp\/v2\/types\/post"}],"author":[{"embeddable":true,"href":"https:\/\/www.lodelmomentoloja.com\/index.php?rest_route=\/wp\/v2\/users\/1"}],"replies":[{"embeddable":true,"href":"https:\/\/www.lodelmomentoloja.com\/index.php?rest_route=%2Fwp%2Fv2%2Fcomments&post=25836"}],"version-history":[{"count":1,"href":"https:\/\/www.lodelmomentoloja.com\/index.php?rest_route=\/wp\/v2\/posts\/25836\/revisions"}],"predecessor-version":[{"id":25842,"href":"https:\/\/www.lodelmomentoloja.com\/index.php?rest_route=\/wp\/v2\/posts\/25836\/revisions\/25842"}],"wp:featuredmedia":[{"embeddable":true,"href":"https:\/\/www.lodelmomentoloja.com\/index.php?rest_route=\/wp\/v2\/media\/25837"}],"wp:attachment":[{"href":"https:\/\/www.lodelmomentoloja.com\/index.php?rest_route=%2Fwp%2Fv2%2Fmedia&parent=25836"}],"wp:term":[{"taxonomy":"category","embeddable":true,"href":"https:\/\/www.lodelmomentoloja.com\/index.php?rest_route=%2Fwp%2Fv2%2Fcategories&post=25836"},{"taxonomy":"post_tag","embeddable":true,"href":"https:\/\/www.lodelmomentoloja.com\/index.php?rest_route=%2Fwp%2Fv2%2Ftags&post=25836"}],"curies":[{"name":"wp","href":"https:\/\/api.w.org\/{rel}","templated":true}]}}