{"id":25826,"date":"2025-05-05T11:38:44","date_gmt":"2025-05-05T11:38:44","guid":{"rendered":"https:\/\/www.lodelmomentoloja.com\/?p=25826"},"modified":"2025-05-05T16:40:08","modified_gmt":"2025-05-05T16:40:08","slug":"estudiantes-de-cuatro-provincias-deberan-usar-de-manera-obligatoria-mascarillas-por-60-dias","status":"publish","type":"post","link":"https:\/\/www.lodelmomentoloja.com\/?p=25826","title":{"rendered":"ESTUDIANTES DE CUATRO PROVINCIAS DEBER\u00c1N USAR DE MANERA OBLIGATORIA MASCARILLAS POR 60 D\u00cdAS"},"content":{"rendered":"<p>\ud83c\udfeb\ud83d\udea8\ud83d\ude37\u00a1A tener cuidado! A partir de este 05 de mayo, el Ministerio de Educaci\u00f3n, en coordinaci\u00f3n con el Ministerio de Salud P\u00fablica, dispuso el uso obligatorio de mascarilla por un periodo de 60 d\u00edas, para estudiantes, docentes y personal administrativo de instituciones educativas en las provincias de Pichincha, Santo Domingo de los Ts\u00e1chilas, Guayas y Manab\u00ed. La decisi\u00f3n forma parte de las acciones preventivas ante la 4l3rt4 epidemiol\u00f3gica declarada por la presencia de la denominada Fiebre Amarilla y Tosferina.<\/p>\n<p>\ud83c\udf10\u2705 S\u00edguenos en nuestra p\u00e1gina verificada: https:\/\/www.facebook.com\/lodelmomentolojaEC<\/p>\n<p>www.lodelmomentoloja.com<br \/>\n<a class=\"x1i10hfl xjbqb8w x1ejq31n xd10rxx x1sy0etr x17r0tee x972fbf xcfux6l x1qhh985 xm0m39n x9f619 x1ypdohk xt0psk2 xe8uvvx xdj266r x11i5rnm xat24cr x1mh8g0r xexx8yu x4uap5 x18d9i69 xkhd6sd x16tdsg8 x1hl2dhg xggy1nq x1a2a7pz  _aa9_ _a6hd\" tabindex=\"0\" role=\"link\" href=\"https:\/\/www.instagram.com\/explore\/tags\/ldmnoticias\/\">#LDMnoticias<\/a>\u00a0<a class=\"x1i10hfl xjbqb8w x1ejq31n xd10rxx x1sy0etr x17r0tee x972fbf xcfux6l x1qhh985 xm0m39n x9f619 x1ypdohk xt0psk2 xe8uvvx xdj266r x11i5rnm xat24cr x1mh8g0r xexx8yu x4uap5 x18d9i69 xkhd6sd x16tdsg8 x1hl2dhg xggy1nq x1a2a7pz  _aa9_ _a6hd\" tabindex=\"0\" role=\"link\" href=\"https:\/\/www.instagram.com\/explore\/tags\/lodelmomentolojaldm\/\">#lodelmomentolojaLDM<\/a><\/p>\n","protected":false},"excerpt":{"rendered":"<p>\ud83c\udfeb\ud83d\udea8\ud83d\ude37\u00a1A tener cuidado! A partir de este 05 de mayo, el Ministerio de Educaci\u00f3n, en&#8230;<\/p>\n","protected":false},"author":1,"featured_media":25827,"comment_status":"open","ping_status":"open","sticky":false,"template":"","format":"standard","meta":{"footnotes":""},"categories":[7,1,5],"tags":[],"class_list":["post-25826","post","type-post","status-publish","format-standard","has-post-thumbnail","hentry","category-ecuador","category-inicio","category-loja"],"_links":{"self":[{"href":"https:\/\/www.lodelmomentoloja.com\/index.php?rest_route=\/wp\/v2\/posts\/25826"}],"collection":[{"href":"https:\/\/www.lodelmomentoloja.com\/index.php?rest_route=\/wp\/v2\/posts"}],"about":[{"href":"https:\/\/www.lodelmomentoloja.com\/index.php?rest_route=\/wp\/v2\/types\/post"}],"author":[{"embeddable":true,"href":"https:\/\/www.lodelmomentoloja.com\/index.php?rest_route=\/wp\/v2\/users\/1"}],"replies":[{"embeddable":true,"href":"https:\/\/www.lodelmomentoloja.com\/index.php?rest_route=%2Fwp%2Fv2%2Fcomments&post=25826"}],"version-history":[{"count":1,"href":"https:\/\/www.lodelmomentoloja.com\/index.php?rest_route=\/wp\/v2\/posts\/25826\/revisions"}],"predecessor-version":[{"id":25828,"href":"https:\/\/www.lodelmomentoloja.com\/index.php?rest_route=\/wp\/v2\/posts\/25826\/revisions\/25828"}],"wp:featuredmedia":[{"embeddable":true,"href":"https:\/\/www.lodelmomentoloja.com\/index.php?rest_route=\/wp\/v2\/media\/25827"}],"wp:attachment":[{"href":"https:\/\/www.lodelmomentoloja.com\/index.php?rest_route=%2Fwp%2Fv2%2Fmedia&parent=25826"}],"wp:term":[{"taxonomy":"category","embeddable":true,"href":"https:\/\/www.lodelmomentoloja.com\/index.php?rest_route=%2Fwp%2Fv2%2Fcategories&post=25826"},{"taxonomy":"post_tag","embeddable":true,"href":"https:\/\/www.lodelmomentoloja.com\/index.php?rest_route=%2Fwp%2Fv2%2Ftags&post=25826"}],"curies":[{"name":"wp","href":"https:\/\/api.w.org\/{rel}","templated":true}]}}