{"id":25823,"date":"2025-05-05T10:38:04","date_gmt":"2025-05-05T10:38:04","guid":{"rendered":"https:\/\/www.lodelmomentoloja.com\/?p=25823"},"modified":"2025-05-05T15:38:57","modified_gmt":"2025-05-05T15:38:57","slug":"asambleista-jorge-guevara-impulsa-reformas-para-proteger-a-menores-de-edad-frente-al-consumo-de-alcohol-y-tabaco","status":"publish","type":"post","link":"https:\/\/www.lodelmomentoloja.com\/?p=25823","title":{"rendered":"Asamble\u00edsta Jorge Guevara impulsa reformas para proteger a menores de edad frente al consumo de alcohol y tabaco."},"content":{"rendered":"<p>En el marco de su compromiso con los derechos de la ni\u00f1ez y adolescencia, el asamble\u00edsta por la provincia de Loja, Jorge Guevara, informa a la ciudadan\u00eda y a los medios de comunicaci\u00f3n que en la fecha se\u00f1alada se avoc\u00f3 conocimiento del \u201cProyecto de Ley Org\u00e1nica Reformatoria al C\u00f3digo Org\u00e1nico Integral Penal para la Protecci\u00f3n a Menores de Edad ante la Venta de Alcohol y Tabaco\u201d, de su autor\u00eda.<\/p>\n<p>Esta propuesta legislativa busca endurecer las sanciones penales contra quienes comercialicen, suministren o faciliten bebidas alcoh\u00f3licas o productos derivados del tabaco a menores de edad, pasando esta conducta de ser una simple contravenci\u00f3n a constituirse como un delito sancionado con pena privativa de libertad de tres a seis meses, independientemente de la sanci\u00f3n administrativa o clausura del establecimiento y en caso de reincidencia, de seis meses a un a\u00f1o.<\/p>\n<p>El proyecto responde a una alarmante realidad nacional: miles de ni\u00f1as, ni\u00f1os y adolescentes que est\u00e1n expuestos al consumo de estas sustancias, afectando gravemente su salud f\u00edsica, emocional y su rendimiento acad\u00e9mico.<\/p>\n<p>El legislador lojano se\u00f1ala que esta reforma busca cerrar el c\u00edrculo de impunidad frente a una problem\u00e1tica que pone en riesgo el desarrollo integral de las nuevas generaciones. \u201cLa salud y el bienestar de nuestros ni\u00f1os y adolescentes no pueden seguir siendo vulnerados por pr\u00e1cticas ilegales y negligentes. Esta ley busca protegerlos y sancionar con firmeza a quienes infringen la normativa\u201d, enfatiz\u00f3 Guevara.<\/p>\n<p>Asimismo, el proyecto plantea medidas concretas de control y prevenci\u00f3n, a ser coordinadas entre el Ministerio de Salud P\u00fablica, el Ministerio del Interior, la Polic\u00eda Nacional y los Gobiernos Aut\u00f3nomos Descentralizados, incluyendo campa\u00f1as de sensibilizaci\u00f3n ciudadana sobre los riesgos del consumo precoz de alcohol y tabaco.<\/p>\n<p>Con esta iniciativa, el asamble\u00edsta Jorge Guevara reafirma su compromiso con la construcci\u00f3n de una sociedad m\u00e1s saludable, justa y segura para la ni\u00f1ez y adolescencia ecuatoriana, y reitera su llamado a todos los sectores a respaldar esta propuesta legislativa que prioriza el inter\u00e9s superior de los menores.<\/p>\n<p>S\u00edguenos con nuestros hashtag<br \/>\n#lodelmomentoloja \/ #LDMnoticias \/ #lodelmomentolojaLDM<\/p>\n","protected":false},"excerpt":{"rendered":"<p>En el marco de su compromiso con los derechos de la ni\u00f1ez y adolescencia, el&#8230;<\/p>\n","protected":false},"author":1,"featured_media":25824,"comment_status":"open","ping_status":"open","sticky":false,"template":"","format":"standard","meta":{"footnotes":""},"categories":[7,1,5],"tags":[],"class_list":["post-25823","post","type-post","status-publish","format-standard","has-post-thumbnail","hentry","category-ecuador","category-inicio","category-loja"],"_links":{"self":[{"href":"https:\/\/www.lodelmomentoloja.com\/index.php?rest_route=\/wp\/v2\/posts\/25823"}],"collection":[{"href":"https:\/\/www.lodelmomentoloja.com\/index.php?rest_route=\/wp\/v2\/posts"}],"about":[{"href":"https:\/\/www.lodelmomentoloja.com\/index.php?rest_route=\/wp\/v2\/types\/post"}],"author":[{"embeddable":true,"href":"https:\/\/www.lodelmomentoloja.com\/index.php?rest_route=\/wp\/v2\/users\/1"}],"replies":[{"embeddable":true,"href":"https:\/\/www.lodelmomentoloja.com\/index.php?rest_route=%2Fwp%2Fv2%2Fcomments&post=25823"}],"version-history":[{"count":1,"href":"https:\/\/www.lodelmomentoloja.com\/index.php?rest_route=\/wp\/v2\/posts\/25823\/revisions"}],"predecessor-version":[{"id":25825,"href":"https:\/\/www.lodelmomentoloja.com\/index.php?rest_route=\/wp\/v2\/posts\/25823\/revisions\/25825"}],"wp:featuredmedia":[{"embeddable":true,"href":"https:\/\/www.lodelmomentoloja.com\/index.php?rest_route=\/wp\/v2\/media\/25824"}],"wp:attachment":[{"href":"https:\/\/www.lodelmomentoloja.com\/index.php?rest_route=%2Fwp%2Fv2%2Fmedia&parent=25823"}],"wp:term":[{"taxonomy":"category","embeddable":true,"href":"https:\/\/www.lodelmomentoloja.com\/index.php?rest_route=%2Fwp%2Fv2%2Fcategories&post=25823"},{"taxonomy":"post_tag","embeddable":true,"href":"https:\/\/www.lodelmomentoloja.com\/index.php?rest_route=%2Fwp%2Fv2%2Ftags&post=25823"}],"curies":[{"name":"wp","href":"https:\/\/api.w.org\/{rel}","templated":true}]}}