{"id":25805,"date":"2025-05-01T20:36:09","date_gmt":"2025-05-01T20:36:09","guid":{"rendered":"https:\/\/www.lodelmomentoloja.com\/?p=25805"},"modified":"2025-05-01T20:36:09","modified_gmt":"2025-05-01T20:36:09","slug":"hospital-de-catacocha-entre-falencias-y-deterioro","status":"publish","type":"post","link":"https:\/\/www.lodelmomentoloja.com\/?p=25805","title":{"rendered":"HOSPITAL DE CATACOCHA ENTRE FALENCIAS Y DETERIORO."},"content":{"rendered":"<p>\ud83c\udd98\ud83d\ude31\ud83d\udc89 \u00a1Atiendan a Catacocha! Un grupo de ciudadanos del cant\u00f3n Paltas ha alzado su voz en una carta p\u00fablica dirigida a nuestro medio de comunicaci\u00f3n digital, en la que denuncian la alarmante situaci\u00f3n del Hospital B\u00e1sico Guido Alfonso D\u00edaz y del distrito de salud 11D03, exigiendo una intervenci\u00f3n urgente por parte de las autoridades nacionales, provinciales y locales. \u26a0\ufe0f\u270d\ufe0f<br \/>\nEn la misma, escrita por ciudadanos autodenominados \u201cPaltense por mejores d\u00edas en salud para nuestro pueblo y cantones aleda\u00f1os\u201d, expone una serie de falencias que han deteriorado gravemente la calidad de la atenci\u00f3n m\u00e9dica en la zona. Entre los principales problemas se\u00f1alados se encuentran la falta de equipamiento, personal insuficiente, negligencia administrativa y condiciones insalubres en el hospital. \ud83c\udfe5\u274c<\/p>\n<p>\u201cActualmente no se pueden realizar ni ces\u00e1reas ni apendicitis porque no hay instrumental quir\u00fargico. El equipo m\u00e9dico ha cumplido su vida \u00fatil y est\u00e1 inservible\u201d, se\u00f1ala la denuncia. \u26d4\ud83d\udee0\ufe0f<\/p>\n<p>Adem\u00e1s, los ciudadanos lamentan que equipos esenciales como el mam\u00f3grafo lleven m\u00e1s de seis meses en abandono total, lo que compromete seriamente la salud de las mujeres de la zona. A esto se suma la cr\u00edtica directa al director distrital, quien \u2014seg\u00fan indican\u2014 permanece ausente de sus funciones sin justificaci\u00f3n. \ud83d\udcc9\ud83d\udc69\u200d\u2695\ufe0f\ud83d\udcc6<\/p>\n<p>Una de las denuncias m\u00e1s graves apunta a la inacci\u00f3n frente al Acuerdo Ministerial 077, emitido en diciembre de 2022, que ordena la separaci\u00f3n de los distritos 11D03 (Paltas) y 11D02 (Catamayo), proceso que a\u00fan no se ejecuta pese a su importancia estrat\u00e9gica. \ud83d\uddc2\ufe0f\u2696\ufe0f<\/p>\n<p>Reclamos puntuales: \ud83d\udce3<br \/>\n1. Inversi\u00f3n urgente en equipamiento m\u00e9dico como autoclaves, l\u00e1mparas quir\u00fargicas y m\u00e1quinas de anestesia. \ud83c\udfe5\ud83d\udd27<br \/>\n2. Reposici\u00f3n de personal para cubrir plazas vacantes por jubilaci\u00f3n o estudios. \u2695\ufe0f\ud83d\udc69\u200d\u2695\ufe0f<br \/>\n3. Devoluci\u00f3n de partidas presupuestarias retiradas del hospital hacia otras unidades de salud. \ud83d\udcb0\ud83d\udd01<br \/>\n4. Reasignaci\u00f3n de personal que ha sido trasladado a puestos administrativos, debilitando los centros de salud en parroquias como Lauro Guerrero y San Antonio. \ud83c\udfd8\ufe0f\u27a1\ufe0f\ud83c\udfe5<br \/>\n5. Mantenimiento urgente del quir\u00f3fano, afectado anualmente por goteras que generan riesgos de infecciones. \u2614\ud83e\udda0<br \/>\n6. Condiciones insalubres crecientes. Los denunciantes destacan que las \u00e1reas verdes del hospital se encuentran descuidadas y llenas de basura, lo que genera un mal aspecto y posibles focos infecciosos. La situaci\u00f3n ha empeorado debido a que los desechos permanecen acumulados entre 15 y 20 d\u00edas sin ser recogidos, ya que \u2014seg\u00fan informan\u2014 el municipio ha dejado de prestar el servicio de recolecci\u00f3n y no existe un gestor ambiental asignado. \ud83d\uddd1\ufe0f\u23f3\ud83e\udd9f Esto convierte al hospital en un entorno a\u00fan m\u00e1s riesgoso para los pacientes. \u26a0\ufe0f<br \/>\n7. Compromiso real de las autoridades locales, a quienes acusan de indiferencia ante una poblaci\u00f3n marcada por la pobreza y la desnutrici\u00f3n infantil. \ud83e\udd37\u200d\u2642\ufe0f\ud83d\udc76\ud83e\udd63<br \/>\nPiden remoci\u00f3n de autoridades \ud83d\udeab\ud83c\udf93<\/p>\n<p>Finalmente, los denunciantes exigen la desvinculaci\u00f3n del actual director hospitalario, el director distrital y el coordinador zonal de salud, a quienes responsabilizan de la crisis y de perjudicar la imagen del Gobierno Nacional. \u274c\ud83c\udfdb\ufe0f<\/p>\n<p>Esta denuncia p\u00fablica no solo busca visibilizar el abandono institucional que sufre la salud en Paltas, sino tambi\u00e9n motivar una movilizaci\u00f3n ciudadana y pol\u00edtica que permita rescatar el derecho a una atenci\u00f3n m\u00e9dica digna para todos. \u270a<\/p>\n<p>\ud83c\udf10\u2705 S\u00edguenos en nuestra p\u00e1gina verificada: https:\/\/www.facebook.com\/lodelmomentolojaEC<\/p>\n<p>www.lodelmomentoloja.com<br \/>\n#LDMnoticias #lodelmomentolojaLDM<\/p>\n","protected":false},"excerpt":{"rendered":"<p>\ud83c\udd98\ud83d\ude31\ud83d\udc89 \u00a1Atiendan a Catacocha! Un grupo de ciudadanos del cant\u00f3n Paltas ha alzado su voz&#8230;<\/p>\n","protected":false},"author":1,"featured_media":25806,"comment_status":"open","ping_status":"open","sticky":false,"template":"","format":"standard","meta":{"footnotes":""},"categories":[7,1,5],"tags":[],"class_list":["post-25805","post","type-post","status-publish","format-standard","has-post-thumbnail","hentry","category-ecuador","category-inicio","category-loja"],"_links":{"self":[{"href":"https:\/\/www.lodelmomentoloja.com\/index.php?rest_route=\/wp\/v2\/posts\/25805"}],"collection":[{"href":"https:\/\/www.lodelmomentoloja.com\/index.php?rest_route=\/wp\/v2\/posts"}],"about":[{"href":"https:\/\/www.lodelmomentoloja.com\/index.php?rest_route=\/wp\/v2\/types\/post"}],"author":[{"embeddable":true,"href":"https:\/\/www.lodelmomentoloja.com\/index.php?rest_route=\/wp\/v2\/users\/1"}],"replies":[{"embeddable":true,"href":"https:\/\/www.lodelmomentoloja.com\/index.php?rest_route=%2Fwp%2Fv2%2Fcomments&post=25805"}],"version-history":[{"count":1,"href":"https:\/\/www.lodelmomentoloja.com\/index.php?rest_route=\/wp\/v2\/posts\/25805\/revisions"}],"predecessor-version":[{"id":25807,"href":"https:\/\/www.lodelmomentoloja.com\/index.php?rest_route=\/wp\/v2\/posts\/25805\/revisions\/25807"}],"wp:featuredmedia":[{"embeddable":true,"href":"https:\/\/www.lodelmomentoloja.com\/index.php?rest_route=\/wp\/v2\/media\/25806"}],"wp:attachment":[{"href":"https:\/\/www.lodelmomentoloja.com\/index.php?rest_route=%2Fwp%2Fv2%2Fmedia&parent=25805"}],"wp:term":[{"taxonomy":"category","embeddable":true,"href":"https:\/\/www.lodelmomentoloja.com\/index.php?rest_route=%2Fwp%2Fv2%2Fcategories&post=25805"},{"taxonomy":"post_tag","embeddable":true,"href":"https:\/\/www.lodelmomentoloja.com\/index.php?rest_route=%2Fwp%2Fv2%2Ftags&post=25805"}],"curies":[{"name":"wp","href":"https:\/\/api.w.org\/{rel}","templated":true}]}}