{"id":25795,"date":"2025-05-01T13:26:54","date_gmt":"2025-05-01T13:26:54","guid":{"rendered":"https:\/\/www.lodelmomentoloja.com\/?p=25795"},"modified":"2025-05-01T18:29:40","modified_gmt":"2025-05-01T18:29:40","slug":"el-batallon-solidario-en-busca-de-nuevas-oportunidades-para-artistas-lojanos","status":"publish","type":"post","link":"https:\/\/www.lodelmomentoloja.com\/?p=25795","title":{"rendered":"El Batall\u00f3n Solidario en busca de nuevas oportunidades para artistas lojanos."},"content":{"rendered":"<p class=\"selectable-text copyable-text x15bjb6t x1n2onr6\" dir=\"ltr\"><span class=\"x19la9d6 x1fc57z9 x6ikm8r x10wlt62 x19co3pv x1g5zs5t xfibh0p xiy17q3 x1xsqp64 x1lkfr7t xexx8yu x4uap5 x18d9i69 xkhd6sd\"><span class=\"xrtxmta x1bhl96m\">\ud83c\udf99\ufe0f<\/span><\/span><span class=\"x19la9d6 x1fc57z9 x6ikm8r x10wlt62 x19co3pv x1g5zs5t xfibh0p xiy17q3 x1xsqp64 x1lkfr7t xexx8yu x4uap5 x18d9i69 xkhd6sd\"><span class=\"xrtxmta x1bhl96m\">\ud83e\udd73<\/span><\/span><span class=\"x19la9d6 x1fc57z9 x6ikm8r x10wlt62 x19co3pv x1g5zs5t xfibh0p xiy17q3 x1xsqp64 x1lkfr7t xexx8yu x4uap5 x18d9i69 xkhd6sd\"><span class=\"xrtxmta x1bhl96m\">\ud83d\udcaa\ud83c\udffb<\/span><\/span><span class=\"selectable-text copyable-text false\"> \u00a1Talento lojano! Con el fin de seguir cultivando el talento de artistas lojanos el Batall\u00f3n Solidario, una iniciativa del creador de contenido Byron Astudillo mejor conocido como El Byron se ha dado a la tarea de buscar artistas que no cuenten con los recursos necesario para darse a conocer al p\u00fablico, as\u00ed fue dieron con el caso de Mar\u00eda Calva una cantante que logr\u00f3 una destaca participaci\u00f3n en el programa \u2018Ecuador tiene Talento\u2019, gracias al apoyo de la empresa privada, volver\u00e1 a los escenarios con grandes \u00e9xitos.<\/p>\n<p><\/span><\/p>\n<div style=\"width: 640px;\" class=\"wp-video\"><!--[if lt IE 9]><script>document.createElement('video');<\/script><![endif]-->\n<video class=\"wp-video-shortcode\" id=\"video-25795-1\" width=\"640\" height=\"360\" preload=\"metadata\" controls=\"controls\"><source type=\"video\/mp4\" src=\"http:\/\/www.lodelmomentoloja.com\/wp-content\/uploads\/2025\/05\/BATALLON-SOLIDARIO-MARIA-CALVA-REDUCIDO.mp4?_=1\" \/><a href=\"http:\/\/www.lodelmomentoloja.com\/wp-content\/uploads\/2025\/05\/BATALLON-SOLIDARIO-MARIA-CALVA-REDUCIDO.mp4\">http:\/\/www.lodelmomentoloja.com\/wp-content\/uploads\/2025\/05\/BATALLON-SOLIDARIO-MARIA-CALVA-REDUCIDO.mp4<\/a><\/video><\/div>\n<p class=\"selectable-text copyable-text x15bjb6t x1n2onr6\" dir=\"ltr\"><span class=\"selectable-text copyable-text false\">\u00a0<\/span><\/p>\n<p>Con el fin de seguir cultivando el talento de artistas lojanos el Batall\u00f3n Solidario, una iniciativa del creador de contenido Byron Astudillo mejor conocido como El Byron se han dado a tarea de buscar artistas que no cuenten con los recursos necesario para darse a conocer al p\u00fablico. As\u00ed fue dieron con el caso de Mar\u00eda Calva una cantante lojana que destac\u00f3 en el programa televisivo \u2018Ecuador Tiene Talento\u2019 en el a\u00f1o 2013, convirti\u00e9ndose en una de las finalistas.<\/p>\n<p>Su participaci\u00f3n en dicho espacio no lo solo la convirti\u00f3 en un referente musical en todo el pa\u00eds, sino que, adem\u00e1s, en un ejemplo de superaci\u00f3n, ya que, a pesar de su discapacidad visual que le ha quitado vista, trabaja d\u00eda a d\u00eda para ser el sustento de su hogar. Sin embargo, conforme pasan los a\u00f1os, su popularidad se ha ido perdiendo a tal punto que, hoy en d\u00eda Mar\u00eda Calva ahora canta en las calles de la urbe lojana siendo la 10 de Agosto una de las zonas m\u00e1s frecuentadas.<\/p>\n<p>Por lo que, el Batall\u00f3n Solidario inici\u00f3 una campa\u00f1a en redes sociales a fin de encontrar una oportunidad para Mar\u00eda.<\/p>\n<p>Tras varias semanas de b\u00fasqueda, el sitio de entretenimiento Casa Corona Catamayo la escogi\u00f3 como la artista telonera del concierto de Sahiro que se llevar\u00e1 a cabo este s\u00e1bado 03 de mayo de 2025.<\/p>\n<p>La gran acogida que ha tenido esta artista le ha abierto las puertas para futuras presentaciones dentro y fuera de la provincia, mismas que se dar\u00e1n a conocer en los pr\u00f3ximos d\u00edas.<\/p>\n<p class=\"selectable-text copyable-text x15bjb6t x1n2onr6\" dir=\"ltr\"><span class=\"selectable-text copyable-text false\">\u00a0<\/span><\/p>\n<p class=\"selectable-text copyable-text x15bjb6t x1n2onr6\" dir=\"ltr\"><span class=\"selectable-text copyable-text false\">Noticia completa <\/span><span class=\"x19la9d6 x1fc57z9 x6ikm8r x10wlt62 x19co3pv x1g5zs5t xfibh0p xiy17q3 x1xsqp64 x1lkfr7t xexx8yu x4uap5 x18d9i69 xkhd6sd\"><span class=\"xrtxmta x1bhl96m\">\ud83d\udcf2<\/span><\/span> <span class=\"selectable-text copyable-text false\">https:\/\/youtu.be\/mWXKC9EXnuc<\/span><\/p>\n<p class=\"selectable-text copyable-text x15bjb6t x1n2onr6\" dir=\"ltr\"><span class=\"x19la9d6 x1fc57z9 x6ikm8r x10wlt62 x19co3pv x1g5zs5t xfibh0p xiy17q3 x1xsqp64 x1lkfr7t xexx8yu x4uap5 x18d9i69 xkhd6sd\"><span class=\"xrtxmta x1bhl96m\">\ud83c\udf10<\/span><\/span><span class=\"x19la9d6 x1fc57z9 x6ikm8r x10wlt62 x19co3pv x1g5zs5t xfibh0p xiy17q3 x1xsqp64 x1lkfr7t xexx8yu x4uap5 x18d9i69 xkhd6sd\"><span class=\"xrtxmta x1bhl96m\">\u2705<\/span><\/span><span class=\"selectable-text copyable-text false\"> S\u00edguenos en nuestra p\u00e1gina verificada: <\/span><span class=\"selectable-text copyable-text false\">https:\/\/www.facebook.com\/lodelmomentolojaEC<\/span><\/p>\n<p class=\"selectable-text copyable-text x15bjb6t x1n2onr6\" dir=\"ltr\"><span class=\"selectable-text copyable-text false\">www.lodelmomentoloja.com<\/span><\/p>\n<p class=\"selectable-text copyable-text x15bjb6t x1n2onr6\" dir=\"ltr\"><span class=\"selectable-text copyable-text false\">#LDMnoticias #lodelmomentolojaLDM<\/span><\/p>\n","protected":false},"excerpt":{"rendered":"<p>\ud83c\udf99\ufe0f\ud83e\udd73\ud83d\udcaa\ud83c\udffb \u00a1Talento lojano! Con el fin de seguir cultivando el talento de artistas lojanos el&#8230;<\/p>\n","protected":false},"author":1,"featured_media":25797,"comment_status":"open","ping_status":"open","sticky":false,"template":"","format":"standard","meta":{"footnotes":""},"categories":[7,1,5],"tags":[],"class_list":["post-25795","post","type-post","status-publish","format-standard","has-post-thumbnail","hentry","category-ecuador","category-inicio","category-loja"],"_links":{"self":[{"href":"https:\/\/www.lodelmomentoloja.com\/index.php?rest_route=\/wp\/v2\/posts\/25795"}],"collection":[{"href":"https:\/\/www.lodelmomentoloja.com\/index.php?rest_route=\/wp\/v2\/posts"}],"about":[{"href":"https:\/\/www.lodelmomentoloja.com\/index.php?rest_route=\/wp\/v2\/types\/post"}],"author":[{"embeddable":true,"href":"https:\/\/www.lodelmomentoloja.com\/index.php?rest_route=\/wp\/v2\/users\/1"}],"replies":[{"embeddable":true,"href":"https:\/\/www.lodelmomentoloja.com\/index.php?rest_route=%2Fwp%2Fv2%2Fcomments&post=25795"}],"version-history":[{"count":1,"href":"https:\/\/www.lodelmomentoloja.com\/index.php?rest_route=\/wp\/v2\/posts\/25795\/revisions"}],"predecessor-version":[{"id":25798,"href":"https:\/\/www.lodelmomentoloja.com\/index.php?rest_route=\/wp\/v2\/posts\/25795\/revisions\/25798"}],"wp:featuredmedia":[{"embeddable":true,"href":"https:\/\/www.lodelmomentoloja.com\/index.php?rest_route=\/wp\/v2\/media\/25797"}],"wp:attachment":[{"href":"https:\/\/www.lodelmomentoloja.com\/index.php?rest_route=%2Fwp%2Fv2%2Fmedia&parent=25795"}],"wp:term":[{"taxonomy":"category","embeddable":true,"href":"https:\/\/www.lodelmomentoloja.com\/index.php?rest_route=%2Fwp%2Fv2%2Fcategories&post=25795"},{"taxonomy":"post_tag","embeddable":true,"href":"https:\/\/www.lodelmomentoloja.com\/index.php?rest_route=%2Fwp%2Fv2%2Ftags&post=25795"}],"curies":[{"name":"wp","href":"https:\/\/api.w.org\/{rel}","templated":true}]}}